{"id":9087,"date":"2023-09-10T14:00:18","date_gmt":"2023-09-10T14:00:18","guid":{"rendered":"https:\/\/tribunavm.com.ar\/?p=9087"},"modified":"2026-03-20T00:41:00","modified_gmt":"2026-03-20T00:41:00","slug":"piccinini-vive-en-la-lucha-obrera","status":"publish","type":"post","link":"https:\/\/tribunavm.com.ar\/index.php\/2023\/09\/10\/piccinini-vive-en-la-lucha-obrera\/","title":{"rendered":"Piccinini vive en la lucha obrera"},"content":{"rendered":"<div class=\"row clearfix\">\n<div class=\"col-md-8\">\n<p><span style=\"color: #212121; font-size: 1.5em; letter-spacing: -0.01em;\">Alejandro Maciel, metal\u00fargico de Villa Constituci\u00f3n, recuerda algunos puntos de la vida y obra del dirigente metal\u00fargico Alberto Piccinini, reconocido integrante del sindicalismo clasista.<\/span><\/p>\n<p><span class=\"dropcap \" style=\"background-color: #ffffff; color: #dd9933; border-color: #ffffff;\">H<\/span>oy queremos recordar a un gran dirigente gremial como fue y lo seguir\u00e1 siendo, el compa\u00f1ero Alberto Piccinini, quien supo estar al frente de la gran lucha que se llev\u00f3 a cabo en contra de la burocracia sindical encabezada por Lorenzo Miguel, dirigente sindical argentino del sector metal\u00fargico que condujo entre 1970 y 2002 la Uni\u00f3n Obrera Metal\u00fargica.<\/p>\n<figure id=\"attachment_9091\" aria-describedby=\"caption-attachment-9091\" style=\"width: 243px\" class=\"wp-caption aligncenter\"><img loading=\"lazy\" decoding=\"async\" class=\"wp-image-9091 size-medium\" src=\"https:\/\/tribunavm.com.ar\/wp-content\/uploads\/2023\/09\/Lorenzo-Miguel-243x300.jpg\" alt=\"\" width=\"243\" height=\"300\" srcset=\"https:\/\/tribunavm.com.ar\/wp-content\/uploads\/2023\/09\/Lorenzo-Miguel-243x300.jpg 243w, https:\/\/tribunavm.com.ar\/wp-content\/uploads\/2023\/09\/Lorenzo-Miguel-828x1024.jpg 828w, https:\/\/tribunavm.com.ar\/wp-content\/uploads\/2023\/09\/Lorenzo-Miguel-768x949.jpg 768w, https:\/\/tribunavm.com.ar\/wp-content\/uploads\/2023\/09\/Lorenzo-Miguel-750x927.jpg 750w, https:\/\/tribunavm.com.ar\/wp-content\/uploads\/2023\/09\/Lorenzo-Miguel.jpg 948w\" sizes=\"(max-width: 243px) 100vw, 243px\" \/><figcaption id=\"caption-attachment-9091\" class=\"wp-caption-text\">Lorenzo Miguel, dirigente de la UOM y CGT<\/figcaption><\/figure>\n<p>\u201cPicci\u201d, c\u00f3mo le dec\u00edan los compa\u00f1eros y amigos, pregon\u00f3 durante su vida por el sindicalismo de clase, por la autonom\u00eda de los partidos pol\u00edticos , fue un luchador incansable que recuper\u00f3 el sindicato de la seccional Villa Constituci\u00f3n del cual fue secretario general a partir de 1984 con la hist\u00f3rica \u201cLista Marr\u00f3n\u201d constituyendo un epicentro de disputa a los poderes concentrados del sector metalurgico y el poder pol\u00edtico\u2026No en vano Villa Constituci\u00f3n y la regi\u00f3n fue denominada por el gobierno peronista y los militares como \u201cla serpiente roja del Paran\u00e1 \u201c.<\/p>\n<p><img loading=\"lazy\" decoding=\"async\" class=\"aligncenter size-full wp-image-9090\" src=\"https:\/\/tribunavm.com.ar\/wp-content\/uploads\/2023\/09\/metalurgicos-fabrica-tomada.jpeg\" alt=\"\" width=\"1280\" height=\"845\" srcset=\"https:\/\/tribunavm.com.ar\/wp-content\/uploads\/2023\/09\/metalurgicos-fabrica-tomada.jpeg 1280w, https:\/\/tribunavm.com.ar\/wp-content\/uploads\/2023\/09\/metalurgicos-fabrica-tomada-300x198.jpeg 300w, https:\/\/tribunavm.com.ar\/wp-content\/uploads\/2023\/09\/metalurgicos-fabrica-tomada-1024x676.jpeg 1024w, https:\/\/tribunavm.com.ar\/wp-content\/uploads\/2023\/09\/metalurgicos-fabrica-tomada-768x507.jpeg 768w, https:\/\/tribunavm.com.ar\/wp-content\/uploads\/2023\/09\/metalurgicos-fabrica-tomada-750x495.jpeg 750w, https:\/\/tribunavm.com.ar\/wp-content\/uploads\/2023\/09\/metalurgicos-fabrica-tomada-1140x753.jpeg 1140w\" sizes=\"(max-width: 1280px) 100vw, 1280px\" \/><br \/>\nTras protagonizar esta hist\u00f3rica lucha de la clase obrera argentina, la Lista Marr\u00f3n, con Alberto Piccinini a la cabeza, logr\u00f3 ganar las elecciones de Comisi\u00f3n Directiva en noviembre del 74 y recuperar el sindicato para los metal\u00fargicos de Villa Constituci\u00f3n, derrotando ampliamente a la lista de las 62 organizaciones peronistas.<\/p>\n<figure id=\"attachment_9089\" aria-describedby=\"caption-attachment-9089\" style=\"width: 1000px\" class=\"wp-caption aligncenter\"><img loading=\"lazy\" decoding=\"async\" class=\"size-full wp-image-9089\" src=\"https:\/\/tribunavm.com.ar\/wp-content\/uploads\/2023\/09\/z-piccinini-tosco-1w-1000x600.jpg.webp\" alt=\"\" width=\"1000\" height=\"600\" srcset=\"https:\/\/tribunavm.com.ar\/wp-content\/uploads\/2023\/09\/z-piccinini-tosco-1w-1000x600.jpg.webp 1000w, https:\/\/tribunavm.com.ar\/wp-content\/uploads\/2023\/09\/z-piccinini-tosco-1w-1000x600.jpg-300x180.webp 300w, https:\/\/tribunavm.com.ar\/wp-content\/uploads\/2023\/09\/z-piccinini-tosco-1w-1000x600.jpg-768x461.webp 768w, https:\/\/tribunavm.com.ar\/wp-content\/uploads\/2023\/09\/z-piccinini-tosco-1w-1000x600.jpg-750x450.webp 750w\" sizes=\"(max-width: 1000px) 100vw, 1000px\" \/><figcaption id=\"caption-attachment-9089\" class=\"wp-caption-text\">Agust\u00ecn Tosco, Rene Salamanca y Alberto Piccinini.<\/figcaption><\/figure>\n<p>En este proceso de lucha y recuperaci\u00f3n fueron part\u00edcipes la sociedad entera acompa\u00f1ando a los trabajadores. Adem\u00e1s contribuy\u00f3 a la realizaci\u00f3n de un gran plenario en el club riberas del Paran\u00e1, en los cuales participaron varios dirigentes gremiales , como Agust\u00edn Tosco (Luz y Fuerza de C\u00f3rdoba) y Ren\u00e9 Salamanca (SMATA de C\u00f3rdoba). Junto a ellos participaron en la conformaci\u00f3n de la Coordinadora de Gremios, Comisiones Internas y F\u00e1bricas en Conflicto, entidad que a fines de 1974 agrup\u00f3 gremios combativos. Tambi\u00e9n conform\u00f3 el armado de la CTA en la ciudad de Villa Constituci\u00f3n.<\/p>\n<p>La mirada de Alberto siempre fue sobre el colectivo, sobre las masas y nunca una mirada mezquina ni de individualismo, supo pararse y dar pelea sobre los derechos de los trabajadores , llevando sobre todo su lucha a lo largo de todo el cord\u00f3n industrial santafecino.<br \/>\nCompa\u00f1ero , dirigente, clasista son algunos de los calificativos para este gran luchador incansable que marc\u00f3 la historia del verdadero sindicalismo de clase.<\/p>\n<\/div>\n<\/div>\n","protected":false},"excerpt":{"rendered":"<p>Alejandro Maciel, metal\u00fargico de Villa Constituci\u00f3n, recuerda algunos puntos de la vida y obra del dirigente metal\u00fargico Alberto Piccinini, reconocido integrante del sindicalismo clasista. Hoy queremos recordar a un gran dirigente gremial como fue y lo seguir\u00e1 siendo, el compa\u00f1ero Alberto Piccinini, quien supo estar al frente de la gran lucha que se llev\u00f3 a [&hellip;]<\/p>\n","protected":false},"author":2,"featured_media":9092,"comment_status":"open","ping_status":"open","sticky":false,"template":"","format":"standard","meta":{"_exactmetrics_skip_tracking":false,"_exactmetrics_sitenote_active":false,"_exactmetrics_sitenote_note":"","_exactmetrics_sitenote_category":0,"jnews-multi-image_gallery":[],"jnews_single_post":{"source_name":"","source_url":"","via_name":"","via_url":"","override_template":"0","override":[{"template":"1","single_blog_custom":"","parallax":"1","fullscreen":"1","layout":"right-sidebar","sidebar":"default-sidebar","second_sidebar":"default-sidebar","sticky_sidebar":"1","share_position":"top","share_float_style":"share-monocrhome","show_share_counter":"1","show_view_counter":"1","show_featured":"1","show_post_meta":"1","show_post_author":"1","show_post_author_image":"1","show_post_date":"1","post_date_format":"default","post_date_format_custom":"Y\/m\/d","show_post_category":"1","show_post_reading_time":"0","post_reading_time_wpm":"300","show_zoom_button":"0","zoom_button_out_step":"2","zoom_button_in_step":"3","show_post_tag":"1","show_prev_next_post":"1","show_popup_post":"1","number_popup_post":"1","show_author_box":"0","show_post_related":"0","show_inline_post_related":"0","post_calculate_word_method":"count_blank"}],"override_image_size":"0","image_override":[{"single_post_thumbnail_size":"crop-500","single_post_gallery_size":"crop-500"}],"trending_post":"0","trending_post_position":"meta","trending_post_label":"Trending","sponsored_post":"0","sponsored_post_label":"Sponsored by","sponsored_post_name":"","sponsored_post_url":"","sponsored_post_logo_enable":"0","sponsored_post_logo":"","sponsored_post_desc":"","format":"standard","disable_ad":"0"},"jnews_primary_category":{"id":"25"},"jnews_social_meta":{"fb_title":"","fb_description":"","fb_image":"","twitter_title":"","twitter_description":"","twitter_image":""},"jnews_override_counter":{"override_view_counter":"0","view_counter_number":"0","override_share_counter":"0","share_counter_number":"0","override_like_counter":"0","like_counter_number":"0","override_dislike_counter":"0","dislike_counter_number":"0"},"_joinchat":[],"footnotes":""},"categories":[24],"tags":[],"class_list":["post-9087","post","type-post","status-publish","format-standard","has-post-thumbnail","hentry","category-opinion"],"_links":{"self":[{"href":"https:\/\/tribunavm.com.ar\/index.php\/wp-json\/wp\/v2\/posts\/9087"}],"collection":[{"href":"https:\/\/tribunavm.com.ar\/index.php\/wp-json\/wp\/v2\/posts"}],"about":[{"href":"https:\/\/tribunavm.com.ar\/index.php\/wp-json\/wp\/v2\/types\/post"}],"author":[{"embeddable":true,"href":"https:\/\/tribunavm.com.ar\/index.php\/wp-json\/wp\/v2\/users\/2"}],"replies":[{"embeddable":true,"href":"https:\/\/tribunavm.com.ar\/index.php\/wp-json\/wp\/v2\/comments?post=9087"}],"version-history":[{"count":4,"href":"https:\/\/tribunavm.com.ar\/index.php\/wp-json\/wp\/v2\/posts\/9087\/revisions"}],"predecessor-version":[{"id":9095,"href":"https:\/\/tribunavm.com.ar\/index.php\/wp-json\/wp\/v2\/posts\/9087\/revisions\/9095"}],"wp:featuredmedia":[{"embeddable":true,"href":"https:\/\/tribunavm.com.ar\/index.php\/wp-json\/wp\/v2\/media\/9092"}],"wp:attachment":[{"href":"https:\/\/tribunavm.com.ar\/index.php\/wp-json\/wp\/v2\/media?parent=9087"}],"wp:term":[{"taxonomy":"category","embeddable":true,"href":"https:\/\/tribunavm.com.ar\/index.php\/wp-json\/wp\/v2\/categories?post=9087"},{"taxonomy":"post_tag","embeddable":true,"href":"https:\/\/tribunavm.com.ar\/index.php\/wp-json\/wp\/v2\/tags?post=9087"}],"curies":[{"name":"wp","href":"https:\/\/api.w.org\/{rel}","templated":true}]}}