{"id":9122,"date":"2023-09-17T21:12:02","date_gmt":"2023-09-17T21:12:02","guid":{"rendered":"https:\/\/tribunavm.com.ar\/?p=9122"},"modified":"2023-09-17T21:12:02","modified_gmt":"2023-09-17T21:12:02","slug":"encuentro-del-g20-en-la-india","status":"publish","type":"post","link":"https:\/\/tribunavm.com.ar\/index.php\/2023\/09\/17\/encuentro-del-g20-en-la-india\/","title":{"rendered":"Encuentro del G20 en la India"},"content":{"rendered":"<div class=\"row clearfix\">\n<div class=\"col-md-8\">\n<div class=\"intro-text\">\n<p><span style=\"font-weight: 400;\">Durante los d\u00edas 9 y 10 de septiembre se dio en Nueva Delhi, India, la cumbre anual del G20, bajo el lema &#8220;Una tierra, una familia, un futuro&#8221;.<\/span><\/p>\n<\/div>\n<p><span style=\"font-weight: 400;\"><span class=\"dropcap \" style=\"background-color: #ffffff; color: #dd9933; border-color: #ffffff;\">E<\/span>l encuentro convoc\u00f3 a los mandatarios de los principales pa\u00edses industrializados y emergentes de todos los continentes, que debatieron temas relacionados con el comercio, las infraestructuras y la transici\u00f3n ecol\u00f3gica. Narendra Modi, primer ministro del pa\u00eds anfitri\u00f3n, dio la bienvenida a la Uni\u00f3n Africana como nuevo miembro del G20, durante la primera sesi\u00f3n de la cumbre.<\/span><\/p>\n<p><span style=\"font-weight: 400;\">Creado en 1999, est\u00e1 integrado por veinte pa\u00edses industrializados y emergentes de todos los continentes: Alemania, Arabia Saudita, Argentina, Australia, Brasil, Canad\u00e1, China, Corea del Sur, Estados Unidos, Francia, India, Indonesia, Italia, Jap\u00f3n, M\u00e9xico, Reino Unido, Rusia, Sud\u00e1frica y Turqu\u00eda, m\u00e1s la Uni\u00f3n Europea. Espa\u00f1a es invitado permanente.<\/span><\/p>\n<p><span style=\"font-weight: 400;\">A su vez, Modi cedi\u00f3 la presidencia del grupo al presidente de Brasil, Luiz In\u00e1cio \u201cLula\u201d da Silva, quien asumir\u00e1 formalmente a partir de diciembre. En un discurso, Lula declar\u00f3 que bajo su presidencia, el G20 versar\u00e1 en tres prioridades: la inclusi\u00f3n social, la transici\u00f3n energ\u00e9tica y el desarrollo sostenible en los \u00e1mbitos social, econ\u00f3mico y ambiental.<\/span><\/p>\n<p><span style=\"font-weight: 400;\">La declaraci\u00f3n final realiz\u00f3 un llamado a defender \u201clos principios del derecho internacional\u201d y expres\u00f3 la apertura de los pa\u00edses para el lanzamiento de iniciativas que apoyen la paz en Ucrania, incluyendo el flujo seguro en el Mar Negro de granos, alimentos y fertilizantes de Ucrania y Rusia. El grupo acord\u00f3 hacer frente a la vulnerabilidad de la deuda en los pa\u00edses de renta baja y media \u201cde manera eficaz, exhaustiva y sistem\u00e1tica\u201d, se comprometi\u00f3 a reforzar los bancos multilaterales de desarrollo y acept\u00f3 la propuesta de una regulaci\u00f3n m\u00e1s estricta de las criptomonedas.<\/span><\/p>\n<p><span style=\"font-weight: 400;\">El presidente Alberto Fernandez, presente en la cumbre, celebr\u00f3 la incorporaci\u00f3n de la Uni\u00f3n Africana, al tiempo que expres\u00f3 su expectativa para que &#8220;en el futuro se pueda sumar a la CELAC que sobrelleva problemas similares a los que afronta \u00c1frica&#8221;.<\/span><\/p>\n<p><span style=\"font-weight: 400;\">Cabe destacar que los mandatarios Xi Jin Ping, presidente de China, y Vladimir Putin, presidente de Rusia, se ausentaron de la cumbre.<\/span><\/p>\n<\/div>\n<\/div>\n","protected":false},"excerpt":{"rendered":"<p>Durante los d\u00edas 9 y 10 de septiembre se dio en Nueva Delhi, India, la cumbre anual del G20, bajo el lema &#8220;Una tierra, una familia, un futuro&#8221;.<\/p>\n","protected":false},"author":2,"featured_media":9124,"comment_status":"open","ping_status":"open","sticky":false,"template":"","format":"standard","meta":{"_exactmetrics_skip_tracking":false,"_exactmetrics_sitenote_active":false,"_exactmetrics_sitenote_note":"","_exactmetrics_sitenote_category":0,"jnews-multi-image_gallery":[],"jnews_single_post":{"source_name":"","source_url":"","via_name":"","via_url":"","override_template":"0","override":[{"template":"1","single_blog_custom":"","parallax":"1","fullscreen":"1","layout":"right-sidebar","sidebar":"default-sidebar","second_sidebar":"default-sidebar","sticky_sidebar":"1","share_position":"top","share_float_style":"share-monocrhome","show_share_counter":"1","show_view_counter":"1","show_featured":"1","show_post_meta":"1","show_post_author":"1","show_post_author_image":"1","show_post_date":"1","post_date_format":"default","post_date_format_custom":"Y\/m\/d","show_post_category":"1","show_post_reading_time":"0","post_reading_time_wpm":"300","show_zoom_button":"0","zoom_button_out_step":"2","zoom_button_in_step":"3","show_post_tag":"1","show_prev_next_post":"1","show_popup_post":"1","number_popup_post":"1","show_author_box":"0","show_post_related":"0","show_inline_post_related":"0"}],"override_image_size":"0","image_override":[{"single_post_thumbnail_size":"crop-500","single_post_gallery_size":"crop-500"}],"trending_post":"0","trending_post_position":"meta","trending_post_label":"Trending","sponsored_post":"0","sponsored_post_label":"Sponsored by","sponsored_post_name":"","sponsored_post_url":"","sponsored_post_logo_enable":"0","sponsored_post_logo":"","sponsored_post_desc":""},"jnews_primary_category":{"id":"276"},"jnews_social_meta":{"fb_title":"","fb_description":"","fb_image":"","twitter_title":"","twitter_description":"","twitter_image":""},"jnews_override_counter":{"override_view_counter":"0","view_counter_number":"0","override_share_counter":"0","share_counter_number":"0","override_like_counter":"0","like_counter_number":"0","override_dislike_counter":"0","dislike_counter_number":"0"},"_joinchat":[],"footnotes":""},"categories":[276],"tags":[305,75],"class_list":["post-9122","post","type-post","status-publish","format-standard","has-post-thumbnail","hentry","category-internacional","tag-edicion-118","tag-internacional"],"_links":{"self":[{"href":"https:\/\/tribunavm.com.ar\/index.php\/wp-json\/wp\/v2\/posts\/9122"}],"collection":[{"href":"https:\/\/tribunavm.com.ar\/index.php\/wp-json\/wp\/v2\/posts"}],"about":[{"href":"https:\/\/tribunavm.com.ar\/index.php\/wp-json\/wp\/v2\/types\/post"}],"author":[{"embeddable":true,"href":"https:\/\/tribunavm.com.ar\/index.php\/wp-json\/wp\/v2\/users\/2"}],"replies":[{"embeddable":true,"href":"https:\/\/tribunavm.com.ar\/index.php\/wp-json\/wp\/v2\/comments?post=9122"}],"version-history":[{"count":1,"href":"https:\/\/tribunavm.com.ar\/index.php\/wp-json\/wp\/v2\/posts\/9122\/revisions"}],"predecessor-version":[{"id":9125,"href":"https:\/\/tribunavm.com.ar\/index.php\/wp-json\/wp\/v2\/posts\/9122\/revisions\/9125"}],"wp:featuredmedia":[{"embeddable":true,"href":"https:\/\/tribunavm.com.ar\/index.php\/wp-json\/wp\/v2\/media\/9124"}],"wp:attachment":[{"href":"https:\/\/tribunavm.com.ar\/index.php\/wp-json\/wp\/v2\/media?parent=9122"}],"wp:term":[{"taxonomy":"category","embeddable":true,"href":"https:\/\/tribunavm.com.ar\/index.php\/wp-json\/wp\/v2\/categories?post=9122"},{"taxonomy":"post_tag","embeddable":true,"href":"https:\/\/tribunavm.com.ar\/index.php\/wp-json\/wp\/v2\/tags?post=9122"}],"curies":[{"name":"wp","href":"https:\/\/api.w.org\/{rel}","templated":true}]}}