{"id":9171,"date":"2023-09-17T23:50:35","date_gmt":"2023-09-17T23:50:35","guid":{"rendered":"https:\/\/tribunavm.com.ar\/?p=9171"},"modified":"2023-09-17T23:50:35","modified_gmt":"2023-09-17T23:50:35","slug":"argentina-y-china-realizaron-un-acuerdo-de-cooperacion","status":"publish","type":"post","link":"https:\/\/tribunavm.com.ar\/index.php\/2023\/09\/17\/argentina-y-china-realizaron-un-acuerdo-de-cooperacion\/","title":{"rendered":"Argentina y China realizaron un acuerdo de cooperaci\u00f3n"},"content":{"rendered":"<div class=\"row clearfix\">\n<div class=\"col-md-8\">\n<p><span style=\"color: #212121; font-size: 1.5em; letter-spacing: -0.01em;\">El acuerdo alcanzado entre ambos pa\u00edses se focaliz\u00f3 en el litio para la industria automotriz.\u00a0<\/span><\/p>\n<p><span style=\"font-weight: 400;\"><span class=\"dropcap \" style=\"background-color: #ffffff; color: #dd9933; border-color: #ffffff;\">E<\/span>l martes 5 de septiembre, el ministro de Ciencia, Tecnolog\u00eda e Innovaci\u00f3n, Daniel Filmus, junto con Zhang Kejian, viceministro de Industria y Tecnolog\u00eda Inform\u00e1tica de China, se reunieron en la ciudad de Chongqing en el marco de la misi\u00f3n oficial del gobierno nacional a China.<\/span><\/p>\n<p><span style=\"font-weight: 400;\">Tras las conversaciones, se logr\u00f3 un acuerdo entre ambos pa\u00edses para desarrollar la industria del litio, contemplando la extracci\u00f3n limpia del metal, la producci\u00f3n y la importaci\u00f3n de los elementos necesarios para la fabricaci\u00f3n de bater\u00edas de litio en nuestro pa\u00eds.<\/span><\/p>\n<p><span style=\"font-weight: 400;\">Adem\u00e1s, seg\u00fan lo <\/span><span style=\"color: #ff9900;\"><a style=\"color: #ff9900;\" href=\"https:\/\/www.argentina.gob.ar\/noticias\/avances-en-la-cooperacion-con-china-para-impulsar-inversiones-en-la-industria-del-litio\"><span style=\"font-weight: 400;\">difundido <\/span><\/a><\/span><span style=\"font-weight: 400;\">por el Ministerio, se discutieron tres ejes centrales: Industria satelital, industrializaci\u00f3n del litio para el sector automotriz, y la puesta en marcha del <\/span><span style=\"color: #ff9900;\"><a style=\"color: #ff9900;\" href=\"https:\/\/www.argentina.gob.ar\/noticias\/avances-en-la-cooperacion-con-china-para-impulsar-inversiones-en-la-industria-del-litio\"><span style=\"font-weight: 400;\">memor\u00e1ndum de entendimiento referido a parques tecnol\u00f3gicos para pymes<\/span><\/a><span style=\"font-weight: 400;\">.<\/span><\/span><\/p>\n<p><span style=\"font-weight: 400;\">Luego del encuentro, Daniel Filmus expres\u00f3 que los temas tratados en la reuni\u00f3n fueron: \u201dla posibilidad de una agenda de I+D en \u00e1reas de inter\u00e9s com\u00fan como la cooperaci\u00f3n en materia aeroespacial, tecnolog\u00eda agr\u00edcola, asuntos oce\u00e1nicos y ant\u00e1rticos, industrializaci\u00f3n del litio, astronom\u00eda, y formaci\u00f3n de j\u00f3venes investigadoras e investigadores en ambos pa\u00edses para estudios de doctorado y postdoctorado, representa un paso muy importante\u201d.<\/span><\/p>\n<p><span style=\"font-weight: 400;\">Argentina expres\u00f3 su inter\u00e9s por generar valor agregado en esta rama de la producci\u00f3n, mientras que China reconoci\u00f3 su inter\u00e9s por contribuir con tecnolog\u00eda a YPF-Litio.<\/span><\/p>\n<p><span style=\"font-weight: 400;\">Cabe destacar que Argentina forma parte del llamado \u201ctri\u00e1ngulo del litio\u201d junto con Bolivia y Chile. En esta zona se concentra aproximadamente entre el 70 y el 85% de las reservas mundiales del metal.<\/span><\/p>\n<\/div>\n<\/div>\n","protected":false},"excerpt":{"rendered":"<p>El acuerdo alcanzado entre ambos pa\u00edses se focaliz\u00f3 en el litio para la industria automotriz.\u00a0<\/p>\n","protected":false},"author":2,"featured_media":9172,"comment_status":"open","ping_status":"open","sticky":false,"template":"","format":"standard","meta":{"_exactmetrics_skip_tracking":false,"_exactmetrics_sitenote_active":false,"_exactmetrics_sitenote_note":"","_exactmetrics_sitenote_category":0,"jnews-multi-image_gallery":[],"jnews_single_post":{"source_name":"","source_url":"","via_name":"","via_url":"","override_template":"0","override":[{"template":"1","single_blog_custom":"","parallax":"1","fullscreen":"1","layout":"right-sidebar","sidebar":"default-sidebar","second_sidebar":"default-sidebar","sticky_sidebar":"1","share_position":"top","share_float_style":"share-monocrhome","show_share_counter":"1","show_view_counter":"1","show_featured":"1","show_post_meta":"1","show_post_author":"1","show_post_author_image":"1","show_post_date":"1","post_date_format":"default","post_date_format_custom":"Y\/m\/d","show_post_category":"1","show_post_reading_time":"0","post_reading_time_wpm":"300","show_zoom_button":"0","zoom_button_out_step":"2","zoom_button_in_step":"3","show_post_tag":"1","show_prev_next_post":"1","show_popup_post":"1","number_popup_post":"1","show_author_box":"0","show_post_related":"0","show_inline_post_related":"0"}],"override_image_size":"0","image_override":[{"single_post_thumbnail_size":"crop-500","single_post_gallery_size":"crop-500"}],"trending_post":"0","trending_post_position":"meta","trending_post_label":"Trending","sponsored_post":"0","sponsored_post_label":"Sponsored by","sponsored_post_name":"","sponsored_post_url":"","sponsored_post_logo_enable":"0","sponsored_post_logo":"","sponsored_post_desc":""},"jnews_primary_category":{"id":"278"},"jnews_social_meta":{"fb_title":"","fb_description":"","fb_image":"","twitter_title":"","twitter_description":"","twitter_image":""},"jnews_override_counter":{"override_view_counter":"0","view_counter_number":"0","override_share_counter":"0","share_counter_number":"0","override_like_counter":"0","like_counter_number":"0","override_dislike_counter":"0","dislike_counter_number":"0"},"_joinchat":[],"footnotes":""},"categories":[278],"tags":[65,305,46],"class_list":["post-9171","post","type-post","status-publish","format-standard","has-post-thumbnail","hentry","category-economia","tag-america-latina","tag-edicion-118","tag-energia"],"_links":{"self":[{"href":"https:\/\/tribunavm.com.ar\/index.php\/wp-json\/wp\/v2\/posts\/9171"}],"collection":[{"href":"https:\/\/tribunavm.com.ar\/index.php\/wp-json\/wp\/v2\/posts"}],"about":[{"href":"https:\/\/tribunavm.com.ar\/index.php\/wp-json\/wp\/v2\/types\/post"}],"author":[{"embeddable":true,"href":"https:\/\/tribunavm.com.ar\/index.php\/wp-json\/wp\/v2\/users\/2"}],"replies":[{"embeddable":true,"href":"https:\/\/tribunavm.com.ar\/index.php\/wp-json\/wp\/v2\/comments?post=9171"}],"version-history":[{"count":1,"href":"https:\/\/tribunavm.com.ar\/index.php\/wp-json\/wp\/v2\/posts\/9171\/revisions"}],"predecessor-version":[{"id":9173,"href":"https:\/\/tribunavm.com.ar\/index.php\/wp-json\/wp\/v2\/posts\/9171\/revisions\/9173"}],"wp:featuredmedia":[{"embeddable":true,"href":"https:\/\/tribunavm.com.ar\/index.php\/wp-json\/wp\/v2\/media\/9172"}],"wp:attachment":[{"href":"https:\/\/tribunavm.com.ar\/index.php\/wp-json\/wp\/v2\/media?parent=9171"}],"wp:term":[{"taxonomy":"category","embeddable":true,"href":"https:\/\/tribunavm.com.ar\/index.php\/wp-json\/wp\/v2\/categories?post=9171"},{"taxonomy":"post_tag","embeddable":true,"href":"https:\/\/tribunavm.com.ar\/index.php\/wp-json\/wp\/v2\/tags?post=9171"}],"curies":[{"name":"wp","href":"https:\/\/api.w.org\/{rel}","templated":true}]}}