{"id":9180,"date":"2023-09-18T00:03:06","date_gmt":"2023-09-18T00:03:06","guid":{"rendered":"https:\/\/tribunavm.com.ar\/?p=9180"},"modified":"2023-09-18T00:03:06","modified_gmt":"2023-09-18T00:03:06","slug":"a-93-anos-de-la-fundacion-de-la-cgt","status":"publish","type":"post","link":"https:\/\/tribunavm.com.ar\/index.php\/2023\/09\/18\/a-93-anos-de-la-fundacion-de-la-cgt\/","title":{"rendered":"A 93 a\u00f1os de la fundaci\u00f3n de la CGT"},"content":{"rendered":"<div class=\"row clearfix\">\n<div class=\"col-md-8\">\n<div class=\"intro-text\">\n<p><span style=\"font-weight: 400;\">Sindicalistas, comunistas y socialistas confluyeron en la creaci\u00f3n de la central en un contexto de avanzada de la organizaci\u00f3n obrera en el pa\u00eds.<\/span><\/p>\n<\/div>\n<p><span style=\"font-weight: 400;\"><span class=\"dropcap \" style=\"background-color: #ffffff; color: #dd9933; border-color: #ffffff;\">E<\/span>l 27 de septiembre de 1930, tras la fusi\u00f3n de la Uni\u00f3n Sindical Argentina (USA) y la Confederaci\u00f3n Obrera Argentina (COA), dos de las cuatro centrales existentes en ese momento, se funda la Confederaci\u00f3n General del Trabajo (CGT).<\/span><\/p>\n<p><span style=\"font-weight: 400;\">La USA representaba al sindicalismo revolucionario, escindido del congreso de la Federaci\u00f3n Obrera Regional Argentina (FORA) en 1922, mientras que la COA nucleaba a los sindicatos socialistas. Para elegir su nombre se inspiraron en la CGT francesa y reci\u00e9n pudieron conformar formalmente su Congreso Constituyente en 1936.<\/span><\/p>\n<p><img loading=\"lazy\" decoding=\"async\" class=\"aligncenter size-full wp-image-9183\" src=\"https:\/\/tribunavm.com.ar\/wp-content\/uploads\/2023\/09\/INTERIOR-HISTORIA-1-1.jpg\" alt=\"\" width=\"400\" height=\"213\" srcset=\"https:\/\/tribunavm.com.ar\/wp-content\/uploads\/2023\/09\/INTERIOR-HISTORIA-1-1.jpg 400w, https:\/\/tribunavm.com.ar\/wp-content\/uploads\/2023\/09\/INTERIOR-HISTORIA-1-1-300x160.jpg 300w\" sizes=\"(max-width: 400px) 100vw, 400px\" \/><\/p>\n<p><span style=\"font-weight: 400;\">Gremios de ferroviarios, municipales, metal\u00fargicos, telef\u00f3nicos y mar\u00edtimos, son algunos de los que formaron inicialmente la central y su primer secretario general fue Luis Cerruti, dirigente de la Uni\u00f3n Ferroviaria. <\/span><span style=\"font-weight: 400;\">Tambi\u00e9n se encontraban dirigentes como Jos\u00e9 Domenech (Uni\u00f3n Ferroviaria), \u00c1ngel Borlenghi (Confederaci\u00f3n General de Empleados de Comercio) y Francisco P\u00e9rez Leir\u00f3s (Uni\u00f3n de Obreros Municipales).<\/span><\/p>\n<h4><span style=\"color: #ff9900;\"><b>El contexto<\/b><\/span><\/h4>\n<p><span style=\"font-weight: 400;\">La ca\u00edda de la Bolsa de Wall Street en 1929 tuvo grandes consecuencias en el pa\u00eds. La ca\u00edda de los precios agropecuarios en el mercado mundial provoc\u00f3 un descenso de las exportaciones y de las inversiones extranjeras reconfigurando la din\u00e1mica econ\u00f3mica en general.\u00a0<\/span><\/p>\n<p><span style=\"font-weight: 400;\">Esta crisis gener\u00f3 un aumento de la inflaci\u00f3n, en paralelo a la ca\u00edda de los salarios y al aumento de la desocupaci\u00f3n (como sucedi\u00f3 en gran parte del mundo) llevando a que los sectores olig\u00e1rquicos junto con las fuerzas armadas llevar\u00e1n a cabo un golpe de estado derrocando al gobierno de Yrigoyen.<\/span><\/p>\n<p><img loading=\"lazy\" decoding=\"async\" class=\"aligncenter size-full wp-image-9181\" src=\"https:\/\/tribunavm.com.ar\/wp-content\/uploads\/2023\/09\/FOTO-DEL-GOLPE-1930-1.jpg\" alt=\"\" width=\"696\" height=\"340\" srcset=\"https:\/\/tribunavm.com.ar\/wp-content\/uploads\/2023\/09\/FOTO-DEL-GOLPE-1930-1.jpg 696w, https:\/\/tribunavm.com.ar\/wp-content\/uploads\/2023\/09\/FOTO-DEL-GOLPE-1930-1-300x147.jpg 300w\" sizes=\"(max-width: 696px) 100vw, 696px\" \/><\/p>\n<p><span style=\"font-weight: 400;\">En ese contexto exist\u00edan 4 centrales sindicales: COA (socialistas), USA (sindicalistas), FORA (anarquistas), ilegalizada por el gobierno de facto; y el Comit\u00e9 Nacional de Unidad Sindical Clasista (CUSC), orientado por los comunistas.\u00a0<\/span><\/p>\n<h4><span style=\"color: #ff9900;\"><b>Antecedentes<\/b><\/span><\/h4>\n<p><span style=\"font-weight: 400;\">Los inicios de la uni\u00f3n gremial de los trabajadores se remonta a 1855 con la asociaci\u00f3n de resistencia de carpinteros, y dos a\u00f1os despu\u00e9s con la aparici\u00f3n del primer sindicato de los trabajadores gr\u00e1ficos, la Uni\u00f3n Tipogr\u00e1fica.<\/span><\/p>\n<p><span style=\"font-weight: 400;\">Pero reci\u00e9n e<\/span><span style=\"font-weight: 400;\">n 1901 se crea la Federaci\u00f3n Obrera Argentina (FOA) donde se dar\u00e1 curso a debatir entre distintos sectores del trabajo la pol\u00edtica para el movimiento obrero. Al a\u00f1o siguiente los socialistas crearon la Uni\u00f3n General de Trabajadores (UGT), mientras que los anarquistas en 1905 crearon la FORA nucleando a m\u00e1s de 100 sindicatos constituy\u00e9ndose como la central m\u00e1s importante hasta su escisi\u00f3n en 1922.<\/span><\/p>\n<\/div>\n<\/div>\n","protected":false},"excerpt":{"rendered":"<p>Sindicalistas, comunistas y socialistas confluyeron en la creaci\u00f3n de la central en un contexto de avanzada de la organizaci\u00f3n obrera en el pa\u00eds.<\/p>\n","protected":false},"author":2,"featured_media":9185,"comment_status":"open","ping_status":"open","sticky":false,"template":"","format":"standard","meta":{"_exactmetrics_skip_tracking":false,"_exactmetrics_sitenote_active":false,"_exactmetrics_sitenote_note":"","_exactmetrics_sitenote_category":0,"jnews-multi-image_gallery":[],"jnews_single_post":{"source_name":"","source_url":"","via_name":"","via_url":"","override_template":"0","override":[{"template":"1","single_blog_custom":"","parallax":"1","fullscreen":"1","layout":"right-sidebar","sidebar":"default-sidebar","second_sidebar":"default-sidebar","sticky_sidebar":"1","share_position":"top","share_float_style":"share-monocrhome","show_share_counter":"1","show_view_counter":"1","show_featured":"1","show_post_meta":"1","show_post_author":"1","show_post_author_image":"1","show_post_date":"1","post_date_format":"default","post_date_format_custom":"Y\/m\/d","show_post_category":"1","show_post_reading_time":"0","post_reading_time_wpm":"300","show_zoom_button":"0","zoom_button_out_step":"2","zoom_button_in_step":"3","show_post_tag":"1","show_prev_next_post":"1","show_popup_post":"1","number_popup_post":"1","show_author_box":"0","show_post_related":"0","show_inline_post_related":"0"}],"override_image_size":"0","image_override":[{"single_post_thumbnail_size":"crop-500","single_post_gallery_size":"crop-500"}],"trending_post":"0","trending_post_position":"meta","trending_post_label":"Trending","sponsored_post":"0","sponsored_post_label":"Sponsored by","sponsored_post_name":"","sponsored_post_url":"","sponsored_post_logo_enable":"0","sponsored_post_logo":"","sponsored_post_desc":""},"jnews_primary_category":{"id":"233"},"jnews_social_meta":{"fb_title":"","fb_description":"","fb_image":"","twitter_title":"","twitter_description":"","twitter_image":""},"jnews_override_counter":{"override_view_counter":"0","view_counter_number":"0","override_share_counter":"0","share_counter_number":"0","override_like_counter":"0","like_counter_number":"0","override_dislike_counter":"0","dislike_counter_number":"0"},"_joinchat":[],"footnotes":""},"categories":[233],"tags":[190,305,121,35],"class_list":["post-9180","post","type-post","status-publish","format-standard","has-post-thumbnail","hentry","category-historia","tag-cgt","tag-edicion-118","tag-historia","tag-trabajadores"],"_links":{"self":[{"href":"https:\/\/tribunavm.com.ar\/index.php\/wp-json\/wp\/v2\/posts\/9180"}],"collection":[{"href":"https:\/\/tribunavm.com.ar\/index.php\/wp-json\/wp\/v2\/posts"}],"about":[{"href":"https:\/\/tribunavm.com.ar\/index.php\/wp-json\/wp\/v2\/types\/post"}],"author":[{"embeddable":true,"href":"https:\/\/tribunavm.com.ar\/index.php\/wp-json\/wp\/v2\/users\/2"}],"replies":[{"embeddable":true,"href":"https:\/\/tribunavm.com.ar\/index.php\/wp-json\/wp\/v2\/comments?post=9180"}],"version-history":[{"count":1,"href":"https:\/\/tribunavm.com.ar\/index.php\/wp-json\/wp\/v2\/posts\/9180\/revisions"}],"predecessor-version":[{"id":9186,"href":"https:\/\/tribunavm.com.ar\/index.php\/wp-json\/wp\/v2\/posts\/9180\/revisions\/9186"}],"wp:featuredmedia":[{"embeddable":true,"href":"https:\/\/tribunavm.com.ar\/index.php\/wp-json\/wp\/v2\/media\/9185"}],"wp:attachment":[{"href":"https:\/\/tribunavm.com.ar\/index.php\/wp-json\/wp\/v2\/media?parent=9180"}],"wp:term":[{"taxonomy":"category","embeddable":true,"href":"https:\/\/tribunavm.com.ar\/index.php\/wp-json\/wp\/v2\/categories?post=9180"},{"taxonomy":"post_tag","embeddable":true,"href":"https:\/\/tribunavm.com.ar\/index.php\/wp-json\/wp\/v2\/tags?post=9180"}],"curies":[{"name":"wp","href":"https:\/\/api.w.org\/{rel}","templated":true}]}}