{"id":9208,"date":"2023-09-24T18:18:50","date_gmt":"2023-09-24T18:18:50","guid":{"rendered":"https:\/\/tribunavm.com.ar\/?p=9208"},"modified":"2023-09-24T18:18:50","modified_gmt":"2023-09-24T18:18:50","slug":"trabajadores-de-prensa-acordaron-un-basico-de-250-000","status":"publish","type":"post","link":"https:\/\/tribunavm.com.ar\/index.php\/2023\/09\/24\/trabajadores-de-prensa-acordaron-un-basico-de-250-000\/","title":{"rendered":"Trabajadores de prensa acordaron un b\u00e1sico de $250.000"},"content":{"rendered":"<div class=\"row clearfix\">\n<div class=\"col-md-8\">\n<div class=\"intro-text\">\n<p><span style=\"font-weight: 400;\">El CISPREN anunci\u00f3 en sus redes sociales que fue un \u201cgran acuerdo salarial de las escalas de R\u00edo Cuarto e Interior A\u201d.<\/span><\/p>\n<\/div>\n<p><span style=\"font-weight: 400;\"><span class=\"dropcap \" style=\"background-color: #ffffff; color: #dd9933; border-color: #ffffff;\">E<\/span>l <strong>C\u00edrculo Sindical de la Prensa y la Comunicaci\u00f3n (CISPREN)<\/strong> acord\u00f3 con las empresas del sector un aumento salarial en sus distintas escalas. Las de Capital e Interior B cerraron el lunes con el<strong> 35<\/strong> y el <strong>33%<\/strong> respectivamente, adem\u00e1s de un bono no remunerativo de $45.000. De esta manera el salario b\u00e1sico se eleva a $246.780, mientras que el de octubre tendr\u00e1 como piso $291.780.<\/span><\/p>\n<p><span style=\"font-weight: 400;\">Seg\u00fan el <\/span><a href=\"https:\/\/www.cispren.org.ar\/gran-cierre-de-paritarias-para-el-trimestre-agosto-octubre\/\"><span style=\"font-weight: 400;\"><span style=\"color: #ff9900;\">comunicado<\/span><\/span><\/a><span style=\"font-weight: 400;\"> del sindicato, \u201c<strong>los trabajadores mostraron su rechazo a la actitud del representante del Grupo Puntal quien elev\u00f3 una propuesta muy por debajo del resto de las escalas<\/strong>\u201d, denunciando que su \u201cmala f\u00e9 negociadora\u201d detuvo la firma del acuerdo con las otras dos escalas de R\u00edo Cuarto e Interior A que termin\u00f3 por realizarse el d\u00eda jueves 21 de septiembre.<\/span><\/p>\n<p><b>Ver: <\/b><span style=\"color: #ff9900;\"><a style=\"color: #ff9900;\" href=\"https:\/\/tribunavm.com.ar\/index.php\/2023\/07\/10\/despidos-en-radio-lv16-de-rio-cuarto\/\"><b>Despidos en radio LV16 de R\u00edo Cuarto<\/b><\/a><\/span><\/p>\n<p><span style=\"font-weight: 400;\">El mismo consta del <strong>35%<\/strong> sobre el salario b\u00e1sico <strong>m\u00e1s un bono de $35.000<\/strong> no remunerativos en octubre. Adem\u00e1s, en todas las escalas se firm\u00f3 una cl\u00e1usula de revisi\u00f3n para final del trimestre, y se abrir\u00e1n las negociaciones paritarias nuevamente el 1ro de noviembre.<\/span><\/p>\n<p><span style=\"font-weight: 400;\">Cabe destacar que la firma de este acuerdo se di\u00f3 en el marco de un plan de lucha impulsado por el sindicato desde la apertura de las negociaciones. El mismo <strong>sosten\u00eda la necesidad de un salario b\u00e1sico por encima de la canasta b\u00e1sica alimentaria<\/strong>.<\/span><\/p>\n<p><b>Ver: <\/b><span style=\"color: #ff9900;\"><a style=\"color: #ff9900;\" href=\"https:\/\/tribunavm.com.ar\/index.php\/2023\/04\/03\/cispren-intensifica-la-lucha-por-mejoras-salariales\/\"><b>Cispren intensifica la lucha por mejoras salariales<\/b><\/a><\/span><\/p>\n<p><span style=\"font-weight: 400;\">Por \u00faltimo, el sindicato felicit\u00f3 a \u201ctodxs las y los trabajadores, delegadxs y representantes por el esfuerzo en com\u00fan. Seguiremos luchando por el cumplimiento del convenio colectivo vigente y la mejora en las condiciones laborales\u201d.\u00a0<\/span><\/p>\n<\/div>\n<div class=\"col-md-3\">\n<p>&nbsp;<\/p>\n<\/div>\n<\/div>\n","protected":false},"excerpt":{"rendered":"<p>El CISPREN anunci\u00f3 en sus redes sociales que fue un \u201cgran acuerdo salarial de las escalas de R\u00edo Cuarto e Interior A\u201d. El C\u00edrculo Sindical de la Prensa y la Comunicaci\u00f3n (CISPREN) acord\u00f3 con las empresas del sector un aumento salarial en sus distintas escalas. Las de Capital e Interior B cerraron el lunes con [&hellip;]<\/p>\n","protected":false},"author":2,"featured_media":9209,"comment_status":"open","ping_status":"open","sticky":false,"template":"","format":"standard","meta":{"_exactmetrics_skip_tracking":false,"_exactmetrics_sitenote_active":false,"_exactmetrics_sitenote_note":"","_exactmetrics_sitenote_category":0,"jnews-multi-image_gallery":[],"jnews_single_post":{"source_name":"","source_url":"","via_name":"","via_url":"","override_template":"0","override":[{"template":"1","single_blog_custom":"","parallax":"1","fullscreen":"1","layout":"right-sidebar","sidebar":"default-sidebar","second_sidebar":"default-sidebar","sticky_sidebar":"1","share_position":"top","share_float_style":"share-monocrhome","show_share_counter":"1","show_view_counter":"1","show_featured":"1","show_post_meta":"1","show_post_author":"1","show_post_author_image":"1","show_post_date":"1","post_date_format":"default","post_date_format_custom":"Y\/m\/d","show_post_category":"1","show_post_reading_time":"0","post_reading_time_wpm":"300","show_zoom_button":"0","zoom_button_out_step":"2","zoom_button_in_step":"3","show_post_tag":"1","show_prev_next_post":"1","show_popup_post":"1","number_popup_post":"1","show_author_box":"0","show_post_related":"0","show_inline_post_related":"0"}],"override_image_size":"0","image_override":[{"single_post_thumbnail_size":"crop-500","single_post_gallery_size":"crop-500"}],"trending_post":"0","trending_post_position":"meta","trending_post_label":"Trending","sponsored_post":"0","sponsored_post_label":"Sponsored by","sponsored_post_name":"","sponsored_post_url":"","sponsored_post_logo_enable":"0","sponsored_post_logo":"","sponsored_post_desc":""},"jnews_primary_category":{"id":"22"},"jnews_social_meta":{"fb_title":"","fb_description":"","fb_image":"","twitter_title":"","twitter_description":"","twitter_image":""},"jnews_override_counter":{"override_view_counter":"0","view_counter_number":"0","override_share_counter":"0","share_counter_number":"0","override_like_counter":"0","like_counter_number":"0","override_dislike_counter":"0","dislike_counter_number":"0"},"_joinchat":[],"footnotes":""},"categories":[22],"tags":[],"class_list":["post-9208","post","type-post","status-publish","format-standard","has-post-thumbnail","hentry","category-actualidad"],"_links":{"self":[{"href":"https:\/\/tribunavm.com.ar\/index.php\/wp-json\/wp\/v2\/posts\/9208"}],"collection":[{"href":"https:\/\/tribunavm.com.ar\/index.php\/wp-json\/wp\/v2\/posts"}],"about":[{"href":"https:\/\/tribunavm.com.ar\/index.php\/wp-json\/wp\/v2\/types\/post"}],"author":[{"embeddable":true,"href":"https:\/\/tribunavm.com.ar\/index.php\/wp-json\/wp\/v2\/users\/2"}],"replies":[{"embeddable":true,"href":"https:\/\/tribunavm.com.ar\/index.php\/wp-json\/wp\/v2\/comments?post=9208"}],"version-history":[{"count":1,"href":"https:\/\/tribunavm.com.ar\/index.php\/wp-json\/wp\/v2\/posts\/9208\/revisions"}],"predecessor-version":[{"id":9210,"href":"https:\/\/tribunavm.com.ar\/index.php\/wp-json\/wp\/v2\/posts\/9208\/revisions\/9210"}],"wp:featuredmedia":[{"embeddable":true,"href":"https:\/\/tribunavm.com.ar\/index.php\/wp-json\/wp\/v2\/media\/9209"}],"wp:attachment":[{"href":"https:\/\/tribunavm.com.ar\/index.php\/wp-json\/wp\/v2\/media?parent=9208"}],"wp:term":[{"taxonomy":"category","embeddable":true,"href":"https:\/\/tribunavm.com.ar\/index.php\/wp-json\/wp\/v2\/categories?post=9208"},{"taxonomy":"post_tag","embeddable":true,"href":"https:\/\/tribunavm.com.ar\/index.php\/wp-json\/wp\/v2\/tags?post=9208"}],"curies":[{"name":"wp","href":"https:\/\/api.w.org\/{rel}","templated":true}]}}