{"id":9251,"date":"2023-10-02T00:04:47","date_gmt":"2023-10-02T00:04:47","guid":{"rendered":"https:\/\/tribunavm.com.ar\/?p=9251"},"modified":"2023-10-02T00:05:26","modified_gmt":"2023-10-02T00:05:26","slug":"6-de-cada-10-jovenes-son-pobres","status":"publish","type":"post","link":"https:\/\/tribunavm.com.ar\/index.php\/2023\/10\/02\/6-de-cada-10-jovenes-son-pobres\/","title":{"rendered":"6 de cada 10 j\u00f3venes son pobres"},"content":{"rendered":"<div class=\"row clearfix\">\n<div class=\"col-md-8\">\n<div class=\"intro-text\">\n<p><span style=\"font-weight: 400;\">En el \u00faltimo semestre aument\u00f3 la demanda de empleo, la pobreza y el trabajo informal. S\u00f3lo el 10% de las personas con ingresos super\u00f3 los $280.000 de la Canasta B\u00e1sica Familiar.<\/span><\/p>\n<\/div>\n<p><span style=\"font-weight: 400;\"><span class=\"dropcap \" style=\"background-color: #ffffff; color: #dd9933; border-color: #ffffff;\">E<\/span>n las \u00faltimas semanas, el Instituto Nacional de Estad\u00edsticas y Censos (INDEC) hizo p\u00fablicos una serie de informes que ofrecen datos sobre las condiciones de vida y la distribuci\u00f3n de ingresos en Argentina durante el segundo trimestre del a\u00f1o.<\/span><\/p>\n<p><a href=\"https:\/\/www.indec.gob.ar\/uploads\/informesdeprensa\/eph_pobreza_09_2326FC0901C2.pdf\"><span style=\"font-weight: 400;\"><span style=\"color: #ff9900;\">Seg\u00fan el organismo<\/span><\/span><\/a><span style=\"font-weight: 400;\">, en el primer semestre de 2023, aproximadamente <\/span><b>19 millones de personas, equivalente al 40% de la poblaci\u00f3n del pa\u00eds, se encuentran en situaci\u00f3n de pobreza<\/b><span style=\"font-weight: 400;\">. Esto significa un aumento de 0,9 puntos porcentuales respecto al semestre anterior. <\/span><span style=\"font-weight: 400;\">En algunas regiones esta cifra se eleva, como el Gran Buenos Aires, hasta un 47%; el Gran San Luis, 47,3%; o Gran Resistencia (Chaco), 60,3%.\u00a0<\/span><\/p>\n<p><span style=\"font-weight: 400;\">Adem\u00e1s, el 9,3% de la poblaci\u00f3n vive en condiciones de indigencia, esto quiere decir que m\u00e1s de <\/span><b>4,2 millones de personas no llegan a cubrir sus necesidades alimentarias en el pa\u00eds<\/b><span style=\"font-weight: 400;\">.<\/span><\/p>\n<p><span style=\"font-weight: 400;\">La cifra es a\u00fan m\u00e1s preocupante en los adolescentes ya que <\/span><b>el 59% de los menores de 17 a\u00f1os se encuentra en situaci\u00f3n de pobreza<\/b><span style=\"font-weight: 400;\">. Adem\u00e1s, el 16% de estos adolescentes no alcanzan a cubrir la Canasta B\u00e1sica Alimentaria.<\/span><\/p>\n<p><span style=\"font-weight: 400;\">Otro <\/span><a href=\"https:\/\/www.indec.gob.ar\/uploads\/informesdeprensa\/ingresos_2trim23242FA297C4.pdf\"><span style=\"font-weight: 400;\"><span style=\"color: #ff9900;\">informe<\/span><\/span><\/a><span style=\"font-weight: 400;\"> menciona que la mitad de la poblaci\u00f3n del pa\u00eds tuvo que sobrevivir con un ingreso de $65.500 mensuales. En cuanto al ingreso total de los hogares, <\/span><b>el 60% sobrevivi\u00f3 con $240.000 mensuales<\/b><span style=\"font-weight: 400;\">. Para tener una referencia, la \u00faltima <\/span><span style=\"color: #ff9900;\"><a style=\"color: #ff9900;\" href=\"https:\/\/www.indec.gob.ar\/uploads\/informesdeprensa\/canasta_09_237CB2ADAD6F.pdf\"><span style=\"font-weight: 400;\">Canasta B\u00e1sica Total<\/span><\/a><\/span><span style=\"font-weight: 400;\"> para una familia tipo de 4 integrantes publicada por el INDEC se ubic\u00f3 en los $284.687.<\/span><\/p>\n<p><span style=\"font-weight: 400;\">Teniendo en cuenta los ingresos totales individuales, sumando los provenientes del trabajo y de otras fuentes, por ejemplo, jubilaciones, pensiones o subsidios; <\/span><b>s\u00f3lo el 10% de las personas super\u00f3 los $280.000<\/b><span style=\"font-weight: 400;\">.\u00a0<\/span><\/p>\n<p><span style=\"font-weight: 400;\">Del total de asalariados, cifra cercana a 10 millones de personas, el 36,8% trabaja informalmente, es decir, no tienen aportes jubilatorios ni a obra social. Seg\u00fan el informe de <\/span><span style=\"color: #ff9900;\"><a style=\"color: #ff9900;\" href=\"https:\/\/www.indec.gob.ar\/uploads\/informesdeprensa\/mercado_trabajo_eph_2trim23D62E32C3E6.pdf\"><span style=\"font-weight: 400;\">Mercado de Trabajo<\/span><\/a><\/span><span style=\"font-weight: 400;\">, estas 3,5 millones de personas tuvieron un ingreso promedio de $81.736 mensuales.<\/span><\/p>\n<p><span style=\"font-weight: 400;\">Otro dato difundido por los medios fue la disminuci\u00f3n de la desocupaci\u00f3n. Pero, mientras que los desocupados se redujeron en el \u00faltimo trimestre de 6,9 a 6,2%,<\/span><b> la demanda total de empleo <\/b><span style=\"font-weight: 400;\">(desocupados + ocupados demandantes + subocupados demandantes) <\/span><b>aument\u00f3 de 28% al 29,8%<\/b><span style=\"font-weight: 400;\">.<\/span><\/p>\n<\/div>\n<\/div>\n","protected":false},"excerpt":{"rendered":"<p>En el \u00faltimo semestre aument\u00f3 la demanda de empleo, la pobreza y el trabajo informal. S\u00f3lo el 10% de las personas con ingresos super\u00f3 los $280.000 de la Canasta B\u00e1sica Familiar.<\/p>\n","protected":false},"author":2,"featured_media":9252,"comment_status":"open","ping_status":"open","sticky":false,"template":"","format":"standard","meta":{"_exactmetrics_skip_tracking":false,"_exactmetrics_sitenote_active":false,"_exactmetrics_sitenote_note":"","_exactmetrics_sitenote_category":0,"jnews-multi-image_gallery":[],"jnews_single_post":{"source_name":"","source_url":"","via_name":"","via_url":"","override_template":"0","override":[{"template":"1","single_blog_custom":"","parallax":"1","fullscreen":"1","layout":"right-sidebar","sidebar":"default-sidebar","second_sidebar":"default-sidebar","sticky_sidebar":"1","share_position":"top","share_float_style":"share-monocrhome","show_share_counter":"1","show_view_counter":"1","show_featured":"1","show_post_meta":"1","show_post_author":"1","show_post_author_image":"1","show_post_date":"1","post_date_format":"default","post_date_format_custom":"Y\/m\/d","show_post_category":"1","show_post_reading_time":"0","post_reading_time_wpm":"300","show_zoom_button":"0","zoom_button_out_step":"2","zoom_button_in_step":"3","show_post_tag":"1","show_prev_next_post":"1","show_popup_post":"1","number_popup_post":"1","show_author_box":"0","show_post_related":"0","show_inline_post_related":"0"}],"override_image_size":"0","image_override":[{"single_post_thumbnail_size":"crop-500","single_post_gallery_size":"crop-500"}],"trending_post":"0","trending_post_position":"meta","trending_post_label":"Trending","sponsored_post":"0","sponsored_post_label":"Sponsored by","sponsored_post_name":"","sponsored_post_url":"","sponsored_post_logo_enable":"0","sponsored_post_logo":"","sponsored_post_desc":""},"jnews_primary_category":{"id":"22"},"jnews_social_meta":{"fb_title":"","fb_description":"","fb_image":"","twitter_title":"","twitter_description":"","twitter_image":""},"jnews_override_counter":{"override_view_counter":"0","view_counter_number":"0","override_share_counter":"0","share_counter_number":"0","override_like_counter":"0","like_counter_number":"0","override_dislike_counter":"0","dislike_counter_number":"0"},"_joinchat":[],"footnotes":""},"categories":[22],"tags":[109,306,177,35],"class_list":["post-9251","post","type-post","status-publish","format-standard","has-post-thumbnail","hentry","category-actualidad","tag-condiciones-de-vida","tag-edicion-119","tag-pobreza","tag-trabajadores"],"_links":{"self":[{"href":"https:\/\/tribunavm.com.ar\/index.php\/wp-json\/wp\/v2\/posts\/9251"}],"collection":[{"href":"https:\/\/tribunavm.com.ar\/index.php\/wp-json\/wp\/v2\/posts"}],"about":[{"href":"https:\/\/tribunavm.com.ar\/index.php\/wp-json\/wp\/v2\/types\/post"}],"author":[{"embeddable":true,"href":"https:\/\/tribunavm.com.ar\/index.php\/wp-json\/wp\/v2\/users\/2"}],"replies":[{"embeddable":true,"href":"https:\/\/tribunavm.com.ar\/index.php\/wp-json\/wp\/v2\/comments?post=9251"}],"version-history":[{"count":1,"href":"https:\/\/tribunavm.com.ar\/index.php\/wp-json\/wp\/v2\/posts\/9251\/revisions"}],"predecessor-version":[{"id":9253,"href":"https:\/\/tribunavm.com.ar\/index.php\/wp-json\/wp\/v2\/posts\/9251\/revisions\/9253"}],"wp:featuredmedia":[{"embeddable":true,"href":"https:\/\/tribunavm.com.ar\/index.php\/wp-json\/wp\/v2\/media\/9252"}],"wp:attachment":[{"href":"https:\/\/tribunavm.com.ar\/index.php\/wp-json\/wp\/v2\/media?parent=9251"}],"wp:term":[{"taxonomy":"category","embeddable":true,"href":"https:\/\/tribunavm.com.ar\/index.php\/wp-json\/wp\/v2\/categories?post=9251"},{"taxonomy":"post_tag","embeddable":true,"href":"https:\/\/tribunavm.com.ar\/index.php\/wp-json\/wp\/v2\/tags?post=9251"}],"curies":[{"name":"wp","href":"https:\/\/api.w.org\/{rel}","templated":true}]}}