{"id":9262,"date":"2023-10-02T00:33:20","date_gmt":"2023-10-02T00:33:20","guid":{"rendered":"https:\/\/tribunavm.com.ar\/?p=9262"},"modified":"2023-10-02T00:33:20","modified_gmt":"2023-10-02T00:33:20","slug":"un-aguila-sobrevuela-argentina","status":"publish","type":"post","link":"https:\/\/tribunavm.com.ar\/index.php\/2023\/10\/02\/un-aguila-sobrevuela-argentina\/","title":{"rendered":"Un \u00e1guila sobrevuela Argentina"},"content":{"rendered":"<div class=\"row clearfix\">\n<div class=\"col-md-8\">\n<div class=\"intro-text\">\n<p><span style=\"font-weight: 400;\">Los gobiernos de Estados Unidos y Argentina firmaron un memor\u00e1ndum en materia de seguridad.<\/span><\/p>\n<\/div>\n<p><span style=\"font-weight: 400;\"><span class=\"dropcap \" style=\"background-color: #ffffff; color: #dd9933; border-color: #ffffff;\">E<\/span>l 20 de septiembre firmaron el documento para fortalecer la colaboraci\u00f3n en temas de seguridad.<\/span><\/p>\n<p><span style=\"font-weight: 400;\">La presentaci\u00f3n fue realizada por el embajador Marc Stanley a trav\u00e9s de un acto en el Centro Cultural Kirchner junto al ministro de Seguridad, An\u00edbal Fern\u00e1ndez, y el ministro de Econom\u00eda, Sergio Massa, adem\u00e1s de funcionarios de agencias de seguridad de ambos pa\u00edses.<\/span><\/p>\n<p><span style=\"font-weight: 400;\">Para el ministro de Seguridad,\u00a0 hay que \u201cpensar que hoy [no] se puede hablar de seguridad en la Argentina sin tener contacto con toda Am\u00e9rica\u201d, sin tener contacto con el \u201cFBI, CIA, DEA y Homeland Security; sin tener contacto con Europol; sin tener contacto con Interpol; sin tener contacto con la Uni\u00f3n Europea\u201d, pensarlo de otra manera \u201ces no comprender lo que est\u00e1 pasando en t\u00e9rminos del delito\u201d.<\/span><\/p>\n<p><span style=\"font-weight: 400;\">Seg\u00fan el memorando, se establecen objetivos de mayor \u00e9nfasis en la lucha contra el crimen organizado transnacional, mayor cooperaci\u00f3n en seguridad mar\u00edtima, y el fortalecimiento de la seguridad ciudadana, el estado de derecho y la calidad de las instituciones de seguridad.<\/span><\/p>\n<p><span style=\"font-weight: 400;\">La embajada norteamericana inform\u00f3 que \u201cel acuerdo optimiza el intercambio de informaci\u00f3n estrat\u00e9gica, t\u00e1ctica y operativa\u201d y \u201cpromueve actividades de capacitaci\u00f3n, asistencia rec\u00edproca en programas de investigaci\u00f3n e intercambios profesionales.\u201d<\/span><\/p>\n<p><span style=\"font-weight: 400;\">Para Sergio Massa, &#8220;sin profesionalismo de nuestras fuerzas de seguridad, sin relaciones maduras y de intercambio de informaci\u00f3n entre cada una de las fuerzas, es muy dif\u00edcil que las agencias internacionales accedan a avanzar en acuerdos de colaboraci\u00f3n&#8221;.<\/span><\/p>\n<p><span style=\"font-weight: 400;\">Adem\u00e1s, pidi\u00f3 que el Congreso &#8220;apruebe&#8221; la ley de blanqueo de capitales. Para &#8220;terminar de cerrar el c\u00edrculo para avanzar sobre la persecuci\u00f3n del dinero que se fug\u00f3 de la Argentina&#8221; y que &#8220;en muchos casos est\u00e1 vinculado al crimen organizado&#8221;.<\/span><\/p>\n<p><span style=\"font-weight: 400;\">Tambi\u00e9n estuvieron presentes en el Centro Cultural N\u00e9stor Kirchner el titular de la Prefectura Naval, general Mario Farinon; el jefe de la Polic\u00eda Federal Argentina, Juan Carlos Hern\u00e1ndez; el director nacional de la Polic\u00eda de Seguridad Aeroportuaria, Jos\u00e9 Glinski; y el subdirector de Gendarmer\u00eda Nacional, Javier Lapalma.<\/span><\/p>\n<\/div>\n<\/div>\n","protected":false},"excerpt":{"rendered":"<p>Los gobiernos de Estados Unidos y Argentina firmaron un memor\u00e1ndum en materia de seguridad.<\/p>\n","protected":false},"author":2,"featured_media":9263,"comment_status":"open","ping_status":"open","sticky":false,"template":"","format":"standard","meta":{"_exactmetrics_skip_tracking":false,"_exactmetrics_sitenote_active":false,"_exactmetrics_sitenote_note":"","_exactmetrics_sitenote_category":0,"jnews-multi-image_gallery":[],"jnews_single_post":{"source_name":"","source_url":"","via_name":"","via_url":"","override_template":"0","override":[{"template":"1","single_blog_custom":"","parallax":"1","fullscreen":"1","layout":"right-sidebar","sidebar":"default-sidebar","second_sidebar":"default-sidebar","sticky_sidebar":"1","share_position":"top","share_float_style":"share-monocrhome","show_share_counter":"1","show_view_counter":"1","show_featured":"1","show_post_meta":"1","show_post_author":"1","show_post_author_image":"1","show_post_date":"1","post_date_format":"default","post_date_format_custom":"Y\/m\/d","show_post_category":"1","show_post_reading_time":"0","post_reading_time_wpm":"300","show_zoom_button":"0","zoom_button_out_step":"2","zoom_button_in_step":"3","show_post_tag":"1","show_prev_next_post":"1","show_popup_post":"1","number_popup_post":"1","show_author_box":"0","show_post_related":"0","show_inline_post_related":"0"}],"override_image_size":"0","image_override":[{"single_post_thumbnail_size":"crop-500","single_post_gallery_size":"crop-500"}],"trending_post":"0","trending_post_position":"meta","trending_post_label":"Trending","sponsored_post":"0","sponsored_post_label":"Sponsored by","sponsored_post_name":"","sponsored_post_url":"","sponsored_post_logo_enable":"0","sponsored_post_logo":"","sponsored_post_desc":""},"jnews_primary_category":{"id":"279"},"jnews_social_meta":{"fb_title":"","fb_description":"","fb_image":"","twitter_title":"","twitter_description":"","twitter_image":""},"jnews_override_counter":{"override_view_counter":"0","view_counter_number":"0","override_share_counter":"0","share_counter_number":"0","override_like_counter":"0","like_counter_number":"0","override_dislike_counter":"0","dislike_counter_number":"0"},"_joinchat":[],"footnotes":""},"categories":[279],"tags":[306,39],"class_list":["post-9262","post","type-post","status-publish","format-standard","has-post-thumbnail","hentry","category-gobierno","tag-edicion-119","tag-gobierno"],"_links":{"self":[{"href":"https:\/\/tribunavm.com.ar\/index.php\/wp-json\/wp\/v2\/posts\/9262"}],"collection":[{"href":"https:\/\/tribunavm.com.ar\/index.php\/wp-json\/wp\/v2\/posts"}],"about":[{"href":"https:\/\/tribunavm.com.ar\/index.php\/wp-json\/wp\/v2\/types\/post"}],"author":[{"embeddable":true,"href":"https:\/\/tribunavm.com.ar\/index.php\/wp-json\/wp\/v2\/users\/2"}],"replies":[{"embeddable":true,"href":"https:\/\/tribunavm.com.ar\/index.php\/wp-json\/wp\/v2\/comments?post=9262"}],"version-history":[{"count":1,"href":"https:\/\/tribunavm.com.ar\/index.php\/wp-json\/wp\/v2\/posts\/9262\/revisions"}],"predecessor-version":[{"id":9264,"href":"https:\/\/tribunavm.com.ar\/index.php\/wp-json\/wp\/v2\/posts\/9262\/revisions\/9264"}],"wp:featuredmedia":[{"embeddable":true,"href":"https:\/\/tribunavm.com.ar\/index.php\/wp-json\/wp\/v2\/media\/9263"}],"wp:attachment":[{"href":"https:\/\/tribunavm.com.ar\/index.php\/wp-json\/wp\/v2\/media?parent=9262"}],"wp:term":[{"taxonomy":"category","embeddable":true,"href":"https:\/\/tribunavm.com.ar\/index.php\/wp-json\/wp\/v2\/categories?post=9262"},{"taxonomy":"post_tag","embeddable":true,"href":"https:\/\/tribunavm.com.ar\/index.php\/wp-json\/wp\/v2\/tags?post=9262"}],"curies":[{"name":"wp","href":"https:\/\/api.w.org\/{rel}","templated":true}]}}