{"id":9308,"date":"2023-10-09T16:00:48","date_gmt":"2023-10-09T16:00:48","guid":{"rendered":"https:\/\/tribunavm.com.ar\/?p=9308"},"modified":"2023-10-09T16:00:48","modified_gmt":"2023-10-09T16:00:48","slug":"plenario-provincial-de-trabajadores","status":"publish","type":"post","link":"https:\/\/tribunavm.com.ar\/index.php\/2023\/10\/09\/plenario-provincial-de-trabajadores\/","title":{"rendered":"Plenario provincial de trabajadores"},"content":{"rendered":"<div class=\"row clearfix\">\n<div class=\"col-md-8\">\n<p><span style=\"color: #212121; font-size: 1.5em; letter-spacing: -0.01em;\">La CTA Aut\u00f3noma de C\u00f3rdoba realiz\u00f3 un encuentro donde definieron una jornada de lucha para el d\u00eda 15 de noviembre.<\/span><\/p>\n<p><span style=\"font-weight: 400;\"><span class=\"dropcap \" style=\"background-color: #ffffff; color: #dd9933; border-color: #ffffff;\">E<\/span>l d\u00eda viernes 6 de octubre se realiz\u00f3 el <\/span><span style=\"color: #ff6600;\"><a style=\"color: #ff6600;\" href=\"http:\/\/ctaacordoba.org\/76149-2\/\"><span style=\"font-weight: 400;\">Encuentro Provincial de las y los Trabajadores de la CTA Aut\u00f3noma<\/span><\/a><\/span><span style=\"font-weight: 400;\"> donde participaron alrededor de 100 dirigentes de las regionales de las ciudades de C\u00f3rdoba, R\u00edo Cuarto, Villa Mar\u00eda, Bell Ville, San Francisco, entre otras.<\/span><\/p>\n<p><img loading=\"lazy\" decoding=\"async\" class=\"aligncenter size-full wp-image-9309\" src=\"https:\/\/tribunavm.com.ar\/wp-content\/uploads\/2023\/10\/WhatsApp-Image-2023-09-22-at-19.21.05.jpeg\" alt=\"\" width=\"1080\" height=\"1080\" srcset=\"https:\/\/tribunavm.com.ar\/wp-content\/uploads\/2023\/10\/WhatsApp-Image-2023-09-22-at-19.21.05.jpeg 1080w, https:\/\/tribunavm.com.ar\/wp-content\/uploads\/2023\/10\/WhatsApp-Image-2023-09-22-at-19.21.05-300x300.jpeg 300w, https:\/\/tribunavm.com.ar\/wp-content\/uploads\/2023\/10\/WhatsApp-Image-2023-09-22-at-19.21.05-1024x1024.jpeg 1024w, https:\/\/tribunavm.com.ar\/wp-content\/uploads\/2023\/10\/WhatsApp-Image-2023-09-22-at-19.21.05-150x150.jpeg 150w, https:\/\/tribunavm.com.ar\/wp-content\/uploads\/2023\/10\/WhatsApp-Image-2023-09-22-at-19.21.05-768x768.jpeg 768w, https:\/\/tribunavm.com.ar\/wp-content\/uploads\/2023\/10\/WhatsApp-Image-2023-09-22-at-19.21.05-75x75.jpeg 75w, https:\/\/tribunavm.com.ar\/wp-content\/uploads\/2023\/10\/WhatsApp-Image-2023-09-22-at-19.21.05-750x750.jpeg 750w\" sizes=\"(max-width: 1080px) 100vw, 1080px\" \/><\/p>\n<p><span style=\"font-weight: 400;\">Adem\u00e1s, seg\u00fan el comunicado oficial, participaron \u201cjubilados, de pueblos originarios, del sector p\u00fablico y privado, trabajadores informales, desempleados, de comedores y merenderos barriales, entre otros\u201d.<\/span><\/p>\n<p><span style=\"font-weight: 400;\">Luego de la intervenci\u00f3n de varios presentes, se vot\u00f3 por unanimidad convocar a todos los sectores que est\u00e1n en lucha en la provincia a \u201c<\/span><b>movilizarse el 15 de noviembre pr\u00f3ximo contra el ajuste, el pago ilegal de la Deuda con el Fondo Monetario Internacional y el avance del fascismo en la Argentina<\/b><span style=\"font-weight: 400;\">\u201d.<\/span><\/p>\n<p><img loading=\"lazy\" decoding=\"async\" class=\"aligncenter size-full wp-image-9311\" src=\"https:\/\/tribunavm.com.ar\/wp-content\/uploads\/2023\/10\/386734773_225357563881568_976714999106873421_n-300x300-1.jpg\" alt=\"\" width=\"300\" height=\"300\" srcset=\"https:\/\/tribunavm.com.ar\/wp-content\/uploads\/2023\/10\/386734773_225357563881568_976714999106873421_n-300x300-1.jpg 300w, https:\/\/tribunavm.com.ar\/wp-content\/uploads\/2023\/10\/386734773_225357563881568_976714999106873421_n-300x300-1-150x150.jpg 150w, https:\/\/tribunavm.com.ar\/wp-content\/uploads\/2023\/10\/386734773_225357563881568_976714999106873421_n-300x300-1-75x75.jpg 75w\" sizes=\"(max-width: 300px) 100vw, 300px\" \/><\/p>\n<p><span style=\"font-weight: 400;\">All\u00ed, Federico Giuliani, secretario general de la Central, dijo que \u201cante un proceso de ajuste como el que atravesamos, con los precios por las nubes, sin poder llegar a fin de mes y siendo cada d\u00eda m\u00e1s pobres pese a que en muchos casos tenemos trabajo, llamamos a la unidad activa del campo popular para rechazar el pago al FMI que hambrea a nuestro pueblo\u201d.<\/span><\/p>\n<p><span style=\"font-weight: 400;\">En di\u00e1logo con Tribuna, el dirigente gremial remarc\u00f3 \u201cla importancia de recuperar a la pol\u00edtica como la acci\u00f3n transformadora de los trabajadores\u201d. \u201cNo delegar en la representatividad partidaria lo que nosotros como pueblo podemos hacer, que es transformar esta realidad\u201d, agreg\u00f3 Giuliani.<\/span><\/p>\n<figure id=\"attachment_9310\" aria-describedby=\"caption-attachment-9310\" style=\"width: 850px\" class=\"wp-caption aligncenter\"><img loading=\"lazy\" decoding=\"async\" class=\"size-full wp-image-9310\" src=\"https:\/\/tribunavm.com.ar\/wp-content\/uploads\/2023\/10\/z-federico-giuliani-1w.jpg\" alt=\"\" width=\"850\" height=\"536\" srcset=\"https:\/\/tribunavm.com.ar\/wp-content\/uploads\/2023\/10\/z-federico-giuliani-1w.jpg 850w, https:\/\/tribunavm.com.ar\/wp-content\/uploads\/2023\/10\/z-federico-giuliani-1w-300x189.jpg 300w, https:\/\/tribunavm.com.ar\/wp-content\/uploads\/2023\/10\/z-federico-giuliani-1w-768x484.jpg 768w, https:\/\/tribunavm.com.ar\/wp-content\/uploads\/2023\/10\/z-federico-giuliani-1w-750x473.jpg 750w\" sizes=\"(max-width: 850px) 100vw, 850px\" \/><figcaption id=\"caption-attachment-9310\" class=\"wp-caption-text\">Federico Giuliani, secretario general de la CTA Aut\u00f3noma de la provincia de C\u00f3rdoba<\/figcaption><\/figure>\n<p><span style=\"font-weight: 400;\">Adem\u00e1s, dijo que los trabajadores organizados gremialmente no deben \u201cser la pata sindical de ning\u00fan proyecto pol\u00edtico partidario, sino organizarse para ser la cabeza y la columna vertebral de un nuevo proyecto nacional de emancipaci\u00f3n\u201d.<\/span><\/p>\n<p><span style=\"font-weight: 400;\">Por \u00faltimo, anunci\u00f3 que el pr\u00f3ximo 24 de octubre se va a realizar en la ciudad de C\u00f3rdoba una charla debate por el aniversario de la sanci\u00f3n del 14 bis de la Constituci\u00f3n Nacional donde se buscar\u00e1 \u201cdiscutir con trabajadores, sin importar que seas ocupado, desocupado, estes en blanco o en negro, sino como parte de la clase trabajadora\u201d.<\/span><\/p>\n<\/div>\n<div class=\"col-md-3\">\n<p>&nbsp;<\/p>\n<\/div>\n<\/div>\n","protected":false},"excerpt":{"rendered":"<p>La CTA Aut\u00f3noma de C\u00f3rdoba realiz\u00f3 un encuentro donde definieron una jornada de lucha para el d\u00eda 15 de noviembre. El d\u00eda viernes 6 de octubre se realiz\u00f3 el Encuentro Provincial de las y los Trabajadores de la CTA Aut\u00f3noma donde participaron alrededor de 100 dirigentes de las regionales de las ciudades de C\u00f3rdoba, R\u00edo [&hellip;]<\/p>\n","protected":false},"author":2,"featured_media":9312,"comment_status":"open","ping_status":"open","sticky":false,"template":"","format":"standard","meta":{"_exactmetrics_skip_tracking":false,"_exactmetrics_sitenote_active":false,"_exactmetrics_sitenote_note":"","_exactmetrics_sitenote_category":0,"jnews-multi-image_gallery":[],"jnews_single_post":{"source_name":"","source_url":"","via_name":"","via_url":"","override_template":"0","override":[{"template":"1","single_blog_custom":"","parallax":"1","fullscreen":"1","layout":"right-sidebar","sidebar":"default-sidebar","second_sidebar":"default-sidebar","sticky_sidebar":"1","share_position":"top","share_float_style":"share-monocrhome","show_share_counter":"1","show_view_counter":"1","show_featured":"1","show_post_meta":"1","show_post_author":"1","show_post_author_image":"1","show_post_date":"1","post_date_format":"default","post_date_format_custom":"Y\/m\/d","show_post_category":"1","show_post_reading_time":"0","post_reading_time_wpm":"300","show_zoom_button":"0","zoom_button_out_step":"2","zoom_button_in_step":"3","show_post_tag":"1","show_prev_next_post":"1","show_popup_post":"1","number_popup_post":"1","show_author_box":"0","show_post_related":"0","show_inline_post_related":"0"}],"override_image_size":"0","image_override":[{"single_post_thumbnail_size":"crop-500","single_post_gallery_size":"crop-500"}],"trending_post":"0","trending_post_position":"meta","trending_post_label":"Trending","sponsored_post":"0","sponsored_post_label":"Sponsored by","sponsored_post_name":"","sponsored_post_url":"","sponsored_post_logo_enable":"0","sponsored_post_logo":"","sponsored_post_desc":""},"jnews_primary_category":{"id":"22"},"jnews_social_meta":{"fb_title":"","fb_description":"","fb_image":"","twitter_title":"","twitter_description":"","twitter_image":""},"jnews_override_counter":{"override_view_counter":"0","view_counter_number":"0","override_share_counter":"0","share_counter_number":"0","override_like_counter":"0","like_counter_number":"0","override_dislike_counter":"0","dislike_counter_number":"0"},"_joinchat":[],"footnotes":""},"categories":[22],"tags":[109,72,36,34,35],"class_list":["post-9308","post","type-post","status-publish","format-standard","has-post-thumbnail","hentry","category-actualidad","tag-condiciones-de-vida","tag-edicion-digital","tag-que-paso","tag-social","tag-trabajadores"],"_links":{"self":[{"href":"https:\/\/tribunavm.com.ar\/index.php\/wp-json\/wp\/v2\/posts\/9308"}],"collection":[{"href":"https:\/\/tribunavm.com.ar\/index.php\/wp-json\/wp\/v2\/posts"}],"about":[{"href":"https:\/\/tribunavm.com.ar\/index.php\/wp-json\/wp\/v2\/types\/post"}],"author":[{"embeddable":true,"href":"https:\/\/tribunavm.com.ar\/index.php\/wp-json\/wp\/v2\/users\/2"}],"replies":[{"embeddable":true,"href":"https:\/\/tribunavm.com.ar\/index.php\/wp-json\/wp\/v2\/comments?post=9308"}],"version-history":[{"count":1,"href":"https:\/\/tribunavm.com.ar\/index.php\/wp-json\/wp\/v2\/posts\/9308\/revisions"}],"predecessor-version":[{"id":9313,"href":"https:\/\/tribunavm.com.ar\/index.php\/wp-json\/wp\/v2\/posts\/9308\/revisions\/9313"}],"wp:featuredmedia":[{"embeddable":true,"href":"https:\/\/tribunavm.com.ar\/index.php\/wp-json\/wp\/v2\/media\/9312"}],"wp:attachment":[{"href":"https:\/\/tribunavm.com.ar\/index.php\/wp-json\/wp\/v2\/media?parent=9308"}],"wp:term":[{"taxonomy":"category","embeddable":true,"href":"https:\/\/tribunavm.com.ar\/index.php\/wp-json\/wp\/v2\/categories?post=9308"},{"taxonomy":"post_tag","embeddable":true,"href":"https:\/\/tribunavm.com.ar\/index.php\/wp-json\/wp\/v2\/tags?post=9308"}],"curies":[{"name":"wp","href":"https:\/\/api.w.org\/{rel}","templated":true}]}}