{"id":9314,"date":"2023-10-10T12:39:06","date_gmt":"2023-10-10T12:39:06","guid":{"rendered":"https:\/\/tribunavm.com.ar\/?p=9314"},"modified":"2026-03-20T00:40:30","modified_gmt":"2026-03-20T00:40:30","slug":"barrenderos-se-movilizaron-nuevamente-por-la-reincorporacion","status":"publish","type":"post","link":"https:\/\/tribunavm.com.ar\/index.php\/2023\/10\/10\/barrenderos-se-movilizaron-nuevamente-por-la-reincorporacion\/","title":{"rendered":"Barrenderos se movilizaron nuevamente por la reincorporaci\u00f3n"},"content":{"rendered":"<div class=\"row clearfix\">\n<div class=\"col-md-8\">\n<p><span style=\"color: #212121; font-size: 1.5em; letter-spacing: -0.01em;\">Trabajadores de la cooperativa Ctalamochita realizaron una manifestaci\u00f3n y corte de calle frente al municipio reclamando la reincorporaci\u00f3n. Hoy bloquearon las puertas de la empresa.<\/span><\/p>\n<p><span style=\"font-weight: 400;\"><span class=\"dropcap \" style=\"background-color: #ffffff; color: #dd9933; border-color: #ffffff;\">E<\/span>l d\u00eda de hoy, barrenderos de la ciudad realizaron un corte en el ingreso de la Cooperativa Talamochita, prestadora de servicios de la empresa COTRECO que a su vez realiza el servicio de barrido y limpieza de la Municipalidad, en reclamo por la reincorporaci\u00f3n de los 6 trabajadores despedidos la semana pasada.<\/span><\/p>\n<p><img loading=\"lazy\" decoding=\"async\" class=\"aligncenter size-full wp-image-9319\" src=\"https:\/\/tribunavm.com.ar\/wp-content\/uploads\/2023\/10\/WhatsApp-Image-2023-10-10-at-09.37.08.jpeg\" alt=\"\" width=\"1599\" height=\"1066\" srcset=\"https:\/\/tribunavm.com.ar\/wp-content\/uploads\/2023\/10\/WhatsApp-Image-2023-10-10-at-09.37.08.jpeg 1599w, https:\/\/tribunavm.com.ar\/wp-content\/uploads\/2023\/10\/WhatsApp-Image-2023-10-10-at-09.37.08-300x200.jpeg 300w, https:\/\/tribunavm.com.ar\/wp-content\/uploads\/2023\/10\/WhatsApp-Image-2023-10-10-at-09.37.08-1024x683.jpeg 1024w, https:\/\/tribunavm.com.ar\/wp-content\/uploads\/2023\/10\/WhatsApp-Image-2023-10-10-at-09.37.08-768x512.jpeg 768w, https:\/\/tribunavm.com.ar\/wp-content\/uploads\/2023\/10\/WhatsApp-Image-2023-10-10-at-09.37.08-1536x1024.jpeg 1536w, https:\/\/tribunavm.com.ar\/wp-content\/uploads\/2023\/10\/WhatsApp-Image-2023-10-10-at-09.37.08-750x500.jpeg 750w, https:\/\/tribunavm.com.ar\/wp-content\/uploads\/2023\/10\/WhatsApp-Image-2023-10-10-at-09.37.08-1140x760.jpeg 1140w\" sizes=\"(max-width: 1599px) 100vw, 1599px\" \/><\/p>\n<p><span style=\"font-weight: 400;\">El d\u00eda de ayer se hab\u00eda realizado una concentraci\u00f3n y corte de calle frente al Palacio municipal. Los mismos, por medio de una carta, pidieron una reuni\u00f3n con el intendente de la ciudad Martin Gill para que la municipalidad intervenga en el conflicto.\u00a0<\/span><\/p>\n<p><strong>Ver nota anterior: <span style=\"color: #ff9900;\"><a style=\"color: #ff9900;\" href=\"https:\/\/tribunavm.com.ar\/index.php\/2023\/10\/02\/barrenderos-reclamaron-condiciones-dignas-de-trabajo\/\">Barrenderos reclamaron condiciones dignas de trabajo<\/a><\/span><\/strong><\/p>\n<p><span style=\"font-weight: 400;\">Frente a ello, Hector Mu\u00f1oz, jefe de gabinete de la intendencia, se reuni\u00f3 con tres representantes de los trabajadores comprometi\u00e9ndose a intervenir para que la empresa COTRECO y la Cooperativa reincorporaran a los despedidos.\u00a0<\/span><\/p>\n<p><span style=\"font-weight: 400;\">Seg\u00fan los trabajadores, el funcionario local se iba a comunicar en el transcurso del d\u00eda de ayer para brindar una soluci\u00f3n, cuesti\u00f3n que no sucedi\u00f3 y por ello decidieron una nueva medida de fuerza, esta vez frente a la Cooperativa que los despidi\u00f3.\u00a0\u00a0<\/span><\/p>\n<figure id=\"attachment_9316\" aria-describedby=\"caption-attachment-9316\" style=\"width: 600px\" class=\"wp-caption aligncenter\"><img loading=\"lazy\" decoding=\"async\" class=\"size-full wp-image-9316\" src=\"https:\/\/tribunavm.com.ar\/wp-content\/uploads\/2023\/10\/Hector_munoz_5.jpg\" alt=\"\" width=\"600\" height=\"400\" srcset=\"https:\/\/tribunavm.com.ar\/wp-content\/uploads\/2023\/10\/Hector_munoz_5.jpg 600w, https:\/\/tribunavm.com.ar\/wp-content\/uploads\/2023\/10\/Hector_munoz_5-300x200.jpg 300w\" sizes=\"(max-width: 600px) 100vw, 600px\" \/><figcaption id=\"caption-attachment-9316\" class=\"wp-caption-text\">Hector Mu\u00f1oz, jefe de gabinete de la Municipalidad de Villa Mar\u00eda<\/figcaption><\/figure>\n<p><span style=\"font-weight: 400;\">&#8220;Somos un grupo de 6 trabajadores que nos sentimos estafados y estamos convencidos de que esta estafa es tambi\u00e9n para la comunidad de Villa Mar\u00eda. Desde el comienzo, vivimos la precarizaci\u00f3n laboral y la negaci\u00f3n al acceso a derechos m\u00ednimos que regulen nuestra actividad&#8221;, reza la carta presentada.\u00a0<\/span><\/p>\n<p><span style=\"font-weight: 400;\">A su vez, Facundo Mosquera, uno de los despedidos dijo a los medios presentes: &#8220;Trabajamos 8 horas todos los d\u00edas por 135 mil pesos, esto no nos alcanza para alimentar a nuestras familias, lo que nos obliga a buscar otros trabajos para llegar a fin de mes&#8221;. &#8220;Solo queremos que nos devuelvan nuestros trabajos bajo condiciones dignas&#8221;, coment\u00f3 Facundo.\u00a0<\/span><\/p>\n<div style=\"width: 848px;\" class=\"wp-video\"><!--[if lt IE 9]><script>document.createElement('video');<\/script><![endif]-->\n<video class=\"wp-video-shortcode\" id=\"video-9314-1\" width=\"848\" height=\"480\" preload=\"metadata\" controls=\"controls\"><source type=\"video\/mp4\" src=\"https:\/\/tribunavm.com.ar\/wp-content\/uploads\/2023\/10\/VID-20231010-WA0003.mp4?_=1\" \/><a href=\"https:\/\/tribunavm.com.ar\/wp-content\/uploads\/2023\/10\/VID-20231010-WA0003.mp4\">https:\/\/tribunavm.com.ar\/wp-content\/uploads\/2023\/10\/VID-20231010-WA0003.mp4<\/a><\/video><\/div>\n<p><span style=\"font-weight: 400;\">Cabe resaltar, que los trabajadores recibieron el apoyo del sindicato de Surrbac, UTEM y del sindicato de cadetes quienes acompa\u00f1aron con su presencia al frente del palacio municipal. Adem\u00e1s participaron integrantes de la CTA Aut\u00f3noma local.<\/span><\/p>\n<p><span style=\"color: #ff9900;\"><b>De Acear a la Cooperativa Ctalamochita<\/b><\/span><\/p>\n<p><span style=\"font-weight: 400;\">La Cooperativa Talamochita brinda servicios de barrido y limpieza de calles en la ciudad. Fue fundada en enero del a\u00f1o 2000 como resultado de los reclamos realizados por los trabajadores que anteriormente se encontraban en la empresa &#8220;ACEAR S.R.L&#8221;. Estos trabajadores buscaban mejorar sus condiciones laborales y por ello decidieron fundar la cooperativa.\u00a0<\/span><\/p>\n<p><img loading=\"lazy\" decoding=\"async\" class=\"aligncenter size-full wp-image-9318\" src=\"https:\/\/tribunavm.com.ar\/wp-content\/uploads\/2023\/10\/IMG-20231010-WA0011-scaled.jpg\" alt=\"\" width=\"2560\" height=\"1920\" srcset=\"https:\/\/tribunavm.com.ar\/wp-content\/uploads\/2023\/10\/IMG-20231010-WA0011-scaled.jpg 2560w, https:\/\/tribunavm.com.ar\/wp-content\/uploads\/2023\/10\/IMG-20231010-WA0011-300x225.jpg 300w, https:\/\/tribunavm.com.ar\/wp-content\/uploads\/2023\/10\/IMG-20231010-WA0011-1024x768.jpg 1024w, https:\/\/tribunavm.com.ar\/wp-content\/uploads\/2023\/10\/IMG-20231010-WA0011-768x576.jpg 768w, https:\/\/tribunavm.com.ar\/wp-content\/uploads\/2023\/10\/IMG-20231010-WA0011-1536x1152.jpg 1536w, https:\/\/tribunavm.com.ar\/wp-content\/uploads\/2023\/10\/IMG-20231010-WA0011-2048x1536.jpg 2048w, https:\/\/tribunavm.com.ar\/wp-content\/uploads\/2023\/10\/IMG-20231010-WA0011-750x563.jpg 750w, https:\/\/tribunavm.com.ar\/wp-content\/uploads\/2023\/10\/IMG-20231010-WA0011-1140x855.jpg 1140w\" sizes=\"(max-width: 2560px) 100vw, 2560px\" \/><\/p>\n<p><span style=\"font-weight: 400;\">Hoy esa misma cooperativa, seg\u00fan comentan los trabajadores, es la que, violando los reglamentos y principios del cooperativismo y la econom\u00eda social en la que se enmarca, mantiene en condiciones precarias a sus trabajadores y despide a quienes reclaman por mejorarlas.<\/span><\/p>\n<\/div>\n<\/div>\n","protected":false},"excerpt":{"rendered":"<p>Trabajadores de la cooperativa Ctalamochita realizaron una manifestaci\u00f3n y corte de calle frente al municipio reclamando la reincorporaci\u00f3n. Hoy bloquearon las puertas de la empresa. El d\u00eda de hoy, barrenderos de la ciudad realizaron un corte en el ingreso de la Cooperativa Talamochita, prestadora de servicios de la empresa COTRECO que a su vez realiza [&hellip;]<\/p>\n","protected":false},"author":2,"featured_media":9321,"comment_status":"open","ping_status":"open","sticky":false,"template":"","format":"standard","meta":{"_exactmetrics_skip_tracking":false,"_exactmetrics_sitenote_active":false,"_exactmetrics_sitenote_note":"","_exactmetrics_sitenote_category":0,"jnews-multi-image_gallery":[],"jnews_single_post":{"source_name":"","source_url":"","via_name":"","via_url":"","override_template":"0","override":[{"template":"1","single_blog_custom":"","parallax":"1","fullscreen":"1","layout":"right-sidebar","sidebar":"default-sidebar","second_sidebar":"default-sidebar","sticky_sidebar":"1","share_position":"top","share_float_style":"share-monocrhome","show_share_counter":"1","show_view_counter":"1","show_featured":"1","show_post_meta":"1","show_post_author":"1","show_post_author_image":"1","show_post_date":"1","post_date_format":"default","post_date_format_custom":"Y\/m\/d","show_post_category":"1","show_post_reading_time":"0","post_reading_time_wpm":"300","show_zoom_button":"0","zoom_button_out_step":"2","zoom_button_in_step":"3","show_post_tag":"1","show_prev_next_post":"1","show_popup_post":"1","number_popup_post":"1","show_author_box":"0","show_post_related":"0","show_inline_post_related":"0"}],"override_image_size":"0","image_override":[{"single_post_thumbnail_size":"crop-500","single_post_gallery_size":"crop-500"}],"trending_post":"0","trending_post_position":"meta","trending_post_label":"Trending","sponsored_post":"0","sponsored_post_label":"Sponsored by","sponsored_post_name":"","sponsored_post_url":"","sponsored_post_logo_enable":"0","sponsored_post_logo":"","sponsored_post_desc":""},"jnews_primary_category":{"id":"22"},"jnews_social_meta":{"fb_title":"","fb_description":"","fb_image":"","twitter_title":"","twitter_description":"","twitter_image":""},"jnews_override_counter":{"override_view_counter":"0","view_counter_number":"0","override_share_counter":"0","share_counter_number":"0","override_like_counter":"0","like_counter_number":"0","override_dislike_counter":"0","dislike_counter_number":"0"},"_joinchat":[],"footnotes":""},"categories":[22],"tags":[],"class_list":["post-9314","post","type-post","status-publish","format-standard","has-post-thumbnail","hentry","category-actualidad"],"_links":{"self":[{"href":"https:\/\/tribunavm.com.ar\/index.php\/wp-json\/wp\/v2\/posts\/9314"}],"collection":[{"href":"https:\/\/tribunavm.com.ar\/index.php\/wp-json\/wp\/v2\/posts"}],"about":[{"href":"https:\/\/tribunavm.com.ar\/index.php\/wp-json\/wp\/v2\/types\/post"}],"author":[{"embeddable":true,"href":"https:\/\/tribunavm.com.ar\/index.php\/wp-json\/wp\/v2\/users\/2"}],"replies":[{"embeddable":true,"href":"https:\/\/tribunavm.com.ar\/index.php\/wp-json\/wp\/v2\/comments?post=9314"}],"version-history":[{"count":4,"href":"https:\/\/tribunavm.com.ar\/index.php\/wp-json\/wp\/v2\/posts\/9314\/revisions"}],"predecessor-version":[{"id":9324,"href":"https:\/\/tribunavm.com.ar\/index.php\/wp-json\/wp\/v2\/posts\/9314\/revisions\/9324"}],"wp:featuredmedia":[{"embeddable":true,"href":"https:\/\/tribunavm.com.ar\/index.php\/wp-json\/wp\/v2\/media\/9321"}],"wp:attachment":[{"href":"https:\/\/tribunavm.com.ar\/index.php\/wp-json\/wp\/v2\/media?parent=9314"}],"wp:term":[{"taxonomy":"category","embeddable":true,"href":"https:\/\/tribunavm.com.ar\/index.php\/wp-json\/wp\/v2\/categories?post=9314"},{"taxonomy":"post_tag","embeddable":true,"href":"https:\/\/tribunavm.com.ar\/index.php\/wp-json\/wp\/v2\/tags?post=9314"}],"curies":[{"name":"wp","href":"https:\/\/api.w.org\/{rel}","templated":true}]}}