{"id":9344,"date":"2023-10-16T14:04:21","date_gmt":"2023-10-16T14:04:21","guid":{"rendered":"https:\/\/tribunavm.com.ar\/?p=9344"},"modified":"2023-10-16T14:05:29","modified_gmt":"2023-10-16T14:05:29","slug":"canada-inquilinos-en-huelga","status":"publish","type":"post","link":"https:\/\/tribunavm.com.ar\/index.php\/2023\/10\/16\/canada-inquilinos-en-huelga\/","title":{"rendered":"Canad\u00e1: inquilinos en huelga"},"content":{"rendered":"<div class=\"row clearfix\">\n<div class=\"col-md-8\">\n<p><span style=\"color: #212121; font-size: 1.5em; letter-spacing: -0.01em;\">Cientos de familias en Toronto tomaron una medida de fuerza contra el aumento de los alquileres.<\/span><\/p>\n<p><span style=\"font-weight: 400;\"><span class=\"dropcap \" style=\"background-color: #ffffff; color: #dd9933; border-color: #ffffff;\">E<\/span><\/span><\/p>\n<p><span style=\"font-weight: 400;\">l 28 de septiembre, unos 300 inquilinos de dos edificios residenciales de la ciudad canadiense, en un marco de protestas y manifestaciones desde junio, decidieron declararse en huelga frente al aumento desmedido de los alquileres.<\/span><\/p>\n<p><span style=\"font-weight: 400;\">Los manifestantes aluden a que en los \u00faltimos 10 a\u00f1os vienen sufriendo aumentos que superan las pautas establecidas por las autoridades de la ciudad. Por tal motivo, tomaron la decisi\u00f3n de cesar el pago.<\/span><\/p>\n<p><span style=\"font-weight: 400;\">Asimismo, los inquilinos han protestado contra un proyecto de ley que favorecer\u00eda a\u00fan m\u00e1s al mercado inmobiliario y a los propietarios. El proyecto de la ley 31 de Qu\u00e9bec, establece que los due\u00f1os de las propiedades podr\u00edan anular una transferencia de arrendamiento, incluso en casos donde el inquilino haya notificado el pago.<\/span><\/p>\n<p><span style=\"font-weight: 400;\">Frente a esta situaci\u00f3n, las organizaciones de inquilinos de Montreal han lanzado una convocatoria de huelga para el mes de noviembre. Quienes organizan la manifestaci\u00f3n, sostienen que en dicha huelga se pueden convocar hasta unas 5.000 personas para exigir medidas al ministro de Vivienda en medio de la crisis inmobiliaria.<\/span><\/p>\n<p><span style=\"font-weight: 400;\">Las manifestaciones de este tipo no son nuevas en Canad\u00e1 y en Toronto en particular. En 2017, m\u00e1s de 300 inquilinos de 12 edificios de la capital de Ontario se negaron a pagar los alquileres, entrando en huelga por tres meses, consiguiendo la reducci\u00f3n del precio de los mismos de forma sustancial. La medida fue reiterada en Hamilton, Ontario, en 2018 aunque all\u00ed no se logr\u00f3 reducir los alquileres.<\/span><\/p>\n<\/div>\n<\/div>\n","protected":false},"excerpt":{"rendered":"<p>Cientos de familias en Toronto tomaron una medida de fuerza contra el aumento de los alquileres.<\/p>\n","protected":false},"author":2,"featured_media":9345,"comment_status":"open","ping_status":"open","sticky":false,"template":"","format":"standard","meta":{"_exactmetrics_skip_tracking":false,"_exactmetrics_sitenote_active":false,"_exactmetrics_sitenote_note":"","_exactmetrics_sitenote_category":0,"jnews-multi-image_gallery":[],"jnews_single_post":{"source_name":"","source_url":"","via_name":"","via_url":"","override_template":"0","override":[{"template":"1","single_blog_custom":"","parallax":"1","fullscreen":"1","layout":"right-sidebar","sidebar":"default-sidebar","second_sidebar":"default-sidebar","sticky_sidebar":"1","share_position":"top","share_float_style":"share-monocrhome","show_share_counter":"1","show_view_counter":"1","show_featured":"1","show_post_meta":"1","show_post_author":"1","show_post_author_image":"1","show_post_date":"1","post_date_format":"default","post_date_format_custom":"Y\/m\/d","show_post_category":"1","show_post_reading_time":"0","post_reading_time_wpm":"300","show_zoom_button":"0","zoom_button_out_step":"2","zoom_button_in_step":"3","show_post_tag":"1","show_prev_next_post":"1","show_popup_post":"1","number_popup_post":"1","show_author_box":"0","show_post_related":"0","show_inline_post_related":"0"}],"override_image_size":"0","image_override":[{"single_post_thumbnail_size":"crop-500","single_post_gallery_size":"crop-500"}],"trending_post":"0","trending_post_position":"meta","trending_post_label":"Trending","sponsored_post":"0","sponsored_post_label":"Sponsored by","sponsored_post_name":"","sponsored_post_url":"","sponsored_post_logo_enable":"0","sponsored_post_logo":"","sponsored_post_desc":""},"jnews_primary_category":{"id":"276"},"jnews_social_meta":{"fb_title":"","fb_description":"","fb_image":"","twitter_title":"","twitter_description":"","twitter_image":""},"jnews_override_counter":{"override_view_counter":"0","view_counter_number":"0","override_share_counter":"0","share_counter_number":"0","override_like_counter":"0","like_counter_number":"0","override_dislike_counter":"0","dislike_counter_number":"0"},"_joinchat":[],"footnotes":""},"categories":[276],"tags":[114,109,308,75,35],"class_list":["post-9344","post","type-post","status-publish","format-standard","has-post-thumbnail","hentry","category-internacional","tag-alquileres","tag-condiciones-de-vida","tag-edicion-120","tag-internacional","tag-trabajadores"],"_links":{"self":[{"href":"https:\/\/tribunavm.com.ar\/index.php\/wp-json\/wp\/v2\/posts\/9344"}],"collection":[{"href":"https:\/\/tribunavm.com.ar\/index.php\/wp-json\/wp\/v2\/posts"}],"about":[{"href":"https:\/\/tribunavm.com.ar\/index.php\/wp-json\/wp\/v2\/types\/post"}],"author":[{"embeddable":true,"href":"https:\/\/tribunavm.com.ar\/index.php\/wp-json\/wp\/v2\/users\/2"}],"replies":[{"embeddable":true,"href":"https:\/\/tribunavm.com.ar\/index.php\/wp-json\/wp\/v2\/comments?post=9344"}],"version-history":[{"count":2,"href":"https:\/\/tribunavm.com.ar\/index.php\/wp-json\/wp\/v2\/posts\/9344\/revisions"}],"predecessor-version":[{"id":9347,"href":"https:\/\/tribunavm.com.ar\/index.php\/wp-json\/wp\/v2\/posts\/9344\/revisions\/9347"}],"wp:featuredmedia":[{"embeddable":true,"href":"https:\/\/tribunavm.com.ar\/index.php\/wp-json\/wp\/v2\/media\/9345"}],"wp:attachment":[{"href":"https:\/\/tribunavm.com.ar\/index.php\/wp-json\/wp\/v2\/media?parent=9344"}],"wp:term":[{"taxonomy":"category","embeddable":true,"href":"https:\/\/tribunavm.com.ar\/index.php\/wp-json\/wp\/v2\/categories?post=9344"},{"taxonomy":"post_tag","embeddable":true,"href":"https:\/\/tribunavm.com.ar\/index.php\/wp-json\/wp\/v2\/tags?post=9344"}],"curies":[{"name":"wp","href":"https:\/\/api.w.org\/{rel}","templated":true}]}}