{"id":9407,"date":"2023-10-16T16:36:16","date_gmt":"2023-10-16T16:36:16","guid":{"rendered":"https:\/\/tribunavm.com.ar\/?p=9407"},"modified":"2023-10-16T16:40:31","modified_gmt":"2023-10-16T16:40:31","slug":"situacion-laboral-en-argentina","status":"publish","type":"post","link":"https:\/\/tribunavm.com.ar\/index.php\/2023\/10\/16\/situacion-laboral-en-argentina\/","title":{"rendered":"Situaci\u00f3n laboral en Argentina"},"content":{"rendered":"<div class=\"row clearfix\">\n<div class=\"col-md-8\">\n<p><span style=\"color: #212121; font-size: 1.5em; letter-spacing: -0.01em;\">Desde Tribuna conversamos con Luis Campos, parte del Observatorio de la CTA Aut\u00f3noma. \u201cLos sectores que se benefician son las grandes fortunas presentes en la miner\u00eda y la energ\u00eda\u201d.<\/span><\/p>\n<p><span style=\"font-weight: 400;\"><span class=\"dropcap \" style=\"background-color: #ffffff; color: #dd9933; border-color: #ffffff;\">L<\/span>uis Campos es coordinador del Observatorio del Derecho Social en el Instituto de Estudios y Formaci\u00f3n de la CTA &#8211; Aut\u00f3noma. El observatorio es un equipo t\u00e9cnico que trabaja dentro del Instituto de estudio de formaci\u00f3n de la Central de Trabajadores de Argentina (CTA) Aut\u00f3noma, desarrollando estudios vinculados a las relaciones laborales, procesos de organizaci\u00f3n y mercado de fuerza de trabajo.<\/span><\/p>\n<p><span style=\"color: #ff9900;\"><b>Teniendo en cuenta los \u00faltimos informes del INDEC, \u00bfCu\u00e1les son las condiciones actuales del trabajo en Argentina?\u00a0<\/b><\/span><\/p>\n<p><span style=\"font-weight: 400;\">El mercado de fuerza de trabajo viene funcionando con un nivel de desempleo inferior al 7%, una de las m\u00e1s bajas en nuestro pa\u00eds desde las \u00faltimas tres d\u00e9cadas. Pero al mismo tiempo eso existe con niveles salariales muy bajos y con una estructura ocupacional donde tienen una presencia muy importante las formas m\u00e1s precarias, fundamentalmente asalariados no registrados y trabajadores por cuenta propia.\u00a0<\/span><\/p>\n<p><span style=\"font-weight: 400;\">En la actualidad, la mitad de los puestos de trabajo que hay en el pa\u00eds son precarios en cuanto a la situaci\u00f3n contractual, conform\u00e1ndose como un panorama muy angustiante. Ya sea porque est\u00e1n expuestos a todo tipo de inseguridades laborales, como as\u00ed tambi\u00e9n un ingreso extremadamente variable que depende de lo que puedan hacer d\u00eda a d\u00eda.<\/span><\/p>\n<p><span style=\"color: #ff9900;\"><span style=\"color: #000000;\"><b>Ver<\/b><\/span><span style=\"font-weight: 400;\">: <\/span><a style=\"color: #ff9900;\" href=\"https:\/\/tribunavm.com.ar\/index.php\/2023\/05\/15\/un-analisis-de-las-condiciones-de-vida-en-el-pais\/\"><b>Un an\u00e1lisis de las condiciones de vida en el pa\u00eds<\/b><\/a><\/span><\/p>\n<p><span style=\"font-weight: 400;\">Respecto a la inserci\u00f3n en la estructura ocupacional este tipo de empleo son los que m\u00e1s crecen significando un problema en t\u00e9rminos de cumplimiento de la legislaci\u00f3n laboral y cumplimiento de los derechos laborales.<\/span><\/p>\n<p><span style=\"font-weight: 400;\">En cuanto a los trabajadores registrados el salario real est\u00e1 en promedio entre un 15 y 20% por debajo de los niveles que ten\u00edan el a\u00f1o 2015, una ca\u00edda muy fuerte que fundamentalmente se concentr\u00f3 en 2018 y 2019. En los \u00faltimos cuatro a\u00f1os durante la gesti\u00f3n del actual gobierno no hubo una recuperaci\u00f3n.<\/span><\/p>\n<p><span style=\"font-weight: 400;\">Todo ello sumado a una situaci\u00f3n econ\u00f3mica general muy inestable haciendo que todo lo que decimos ahora est\u00e1 sujeto a las variaciones macroecon\u00f3micas de cort\u00edsimo plazo, que tienen un impacto importante sobre la situaci\u00f3n laboral.<\/span><\/p>\n<p><span style=\"color: #ff9900;\"><b>\u00bfC\u00f3mo se desarroll\u00f3 esta situaci\u00f3n en el tiempo? \u00bfDe qu\u00e9 manera periodizan dichas variables en la historia del pa\u00eds?<\/b><\/span><\/p>\n<p><span style=\"font-weight: 400;\">Un punto de inflexi\u00f3n se di\u00f3 a mediados de la d\u00e9cada del 70\u2019 con el golpe de Estado. Hasta ese momento en nuestro pa\u00eds el desempleo hab\u00eda sido excepcional en t\u00e9rminos generales. Adem\u00e1s, los niveles de trabajo no registrados eran muy bajos.<\/span><\/p>\n<p><img loading=\"lazy\" decoding=\"async\" class=\"aligncenter size-full wp-image-9409\" src=\"https:\/\/tribunavm.com.ar\/wp-content\/uploads\/2023\/10\/GOLPE-MILITAR.png\" alt=\"\" width=\"1200\" height=\"832\" srcset=\"https:\/\/tribunavm.com.ar\/wp-content\/uploads\/2023\/10\/GOLPE-MILITAR.png 1200w, https:\/\/tribunavm.com.ar\/wp-content\/uploads\/2023\/10\/GOLPE-MILITAR-300x208.png 300w, https:\/\/tribunavm.com.ar\/wp-content\/uploads\/2023\/10\/GOLPE-MILITAR-1024x710.png 1024w, https:\/\/tribunavm.com.ar\/wp-content\/uploads\/2023\/10\/GOLPE-MILITAR-768x532.png 768w, https:\/\/tribunavm.com.ar\/wp-content\/uploads\/2023\/10\/GOLPE-MILITAR-750x520.png 750w, https:\/\/tribunavm.com.ar\/wp-content\/uploads\/2023\/10\/GOLPE-MILITAR-1140x790.png 1140w\" sizes=\"(max-width: 1200px) 100vw, 1200px\" \/><\/p>\n<p><span style=\"font-weight: 400;\">Incluso quienes trabajaban de cuentapropistas generalmente lo hac\u00edan desde sus oficios o profesiones contando con ingresos superiores a la media, no un cuentapropismo de subsistencia como en la actualidad.\u00a0<\/span><\/p>\n<p><span style=\"font-weight: 400;\">A partir de all\u00ed, comienza un cambio econ\u00f3mico en la estructura productiva de nuestro pa\u00eds donde se visualiza un retroceso muy fuerte en la producci\u00f3n industrial. Con ello se desarticula el mercado formal de fuerza de trabajo y comienza a desarrollarse un proceso que se va a hacer muy explosivo en los a\u00f1os 90\u2019: crecimiento del empleo no registrado que nunca va a perforar el piso del 33%.<\/span><\/p>\n<p><span style=\"font-weight: 400;\">Se instala como un componente estructural el cuentapropismo de subsistencia, de aquel trabajador que sale a hacer lo que puede, expuestos cada vez m\u00e1s a la precariedad laboral.<\/span><\/p>\n<p><span style=\"font-weight: 400;\">Luego tuvimos una cierta reversi\u00f3n parcial en la primera d\u00e9cada de este siglo, pero que no cambi\u00f3 la direcci\u00f3n estructural del proceso. En este periodo (2002\/2012)\u00a0 se vi\u00f3 una mejora en casi todos los indicadores sociales pero, al finalizar, estos indicadores se estancan y en algunos casos comienzan a empeorar.<\/span><\/p>\n<p><span style=\"color: #ff9900;\"><b>\u00bfC\u00f3mo se relaciona esta situaci\u00f3n en lo nacional con la realidad global de los trabajadores?<\/b><\/span><\/p>\n<p><span style=\"font-weight: 400;\">Desde mediados de los 70, principios de los 80, hubo una contraofensiva del capital donde se dio una ca\u00edda de los indicadores sociales y laborales. Actualmente a nivel global no se manifiesta en todos los territorios de la misma manera, ya que se est\u00e1 viendo un desplazamiento de mucha fuerza de trabajo desde los pa\u00edses occidentales a los nuevos centros de desarrollo y acumulaci\u00f3n de capitalismo, fundamentalmente hacia el continente asi\u00e1tico, como sucede en India y China.<\/span><\/p>\n<p><span style=\"font-weight: 400;\">En nuestro caso el impacto es muy fuerte fundamentalmente porque Argentina era de los pa\u00edses de la regi\u00f3n que hab\u00eda tenido un mayor desarrollo industrial hasta mediados de los a\u00f1os 70, entonces ten\u00eda un mercado de fuerza de trabajo muy ligado al desarrollo industrial. En ello el proceso que ubic\u00f3 al pa\u00eds como exportador de materias primas al mundo favoreciendo la desindustrializaci\u00f3n explica mucho acerca de la situaci\u00f3n que vivimos actualmente.<\/span><\/p>\n<p><span style=\"color: #ff9900;\"><b>\u00bfCu\u00e1l es tu opini\u00f3n sobre los motivos sociales y econ\u00f3micos? \u00bfQu\u00e9 actores presionan para que estas condiciones contin\u00faen reproduci\u00e9ndose?<\/b><\/span><\/p>\n<p><span style=\"font-weight: 400;\">En los \u00faltimos a\u00f1os, en nuestro pa\u00eds se consolid\u00f3 un modelo productivo donde predominan los sectores de productos primarios con bajo valor agregado. De esta manera, son quienes toman las decisiones acerca del mercado de trabajo.<\/span><\/p>\n<p><img loading=\"lazy\" decoding=\"async\" class=\"aligncenter size-full wp-image-9408\" src=\"https:\/\/tribunavm.com.ar\/wp-content\/uploads\/2023\/10\/FOTO-AGROEXPORTADORAS.jpg\" alt=\"\" width=\"1000\" height=\"750\" srcset=\"https:\/\/tribunavm.com.ar\/wp-content\/uploads\/2023\/10\/FOTO-AGROEXPORTADORAS.jpg 1000w, https:\/\/tribunavm.com.ar\/wp-content\/uploads\/2023\/10\/FOTO-AGROEXPORTADORAS-300x225.jpg 300w, https:\/\/tribunavm.com.ar\/wp-content\/uploads\/2023\/10\/FOTO-AGROEXPORTADORAS-768x576.jpg 768w, https:\/\/tribunavm.com.ar\/wp-content\/uploads\/2023\/10\/FOTO-AGROEXPORTADORAS-750x563.jpg 750w\" sizes=\"(max-width: 1000px) 100vw, 1000px\" \/><\/p>\n<p><span style=\"font-weight: 400;\">Los sectores que se benefician son las grandes y pocas fortunas que est\u00e1n presentes en la producci\u00f3n de productos primarios, como la miner\u00eda, energ\u00eda y otras industrias muy puntuales vinculadas a la actividad. Quienes forman parte de este grupo son los que han ganado en las \u00faltimas d\u00e9cadas en nuestro pa\u00eds.<\/span><\/p>\n<p><span style=\"color: #ff9900;\"><b>\u00bfCu\u00e1l es la salida que se tendr\u00eda que promover desde las organizaciones populares a esta situaci\u00f3n?<\/b><\/span><\/p>\n<p><span style=\"font-weight: 400;\">Un eje que deber\u00eda ser la discusi\u00f3n sobre la estructura productiva: qu\u00e9 va a producir Argentina, qu\u00e9 va a producir C\u00f3rdoba, qu\u00e9 va a producir Villa Mar\u00eda. Y c\u00f3mo se va a insertar esa producci\u00f3n en la demanda local, provincial, nacional y mundial.\u00a0<\/span><\/p>\n<p><span style=\"font-weight: 400;\">El otro eje, al mismo tiempo, es dar respuestas a las necesidades actuales de los trabajadores con medidas como la revisi\u00f3n de utilidades o importaciones y exportaciones. El sector con mayores posibilidades econ\u00f3micas es quien va a tener que colaborar, por ejemplo, por medio del aporte a las grandes fortunas que afect\u00f3 s\u00f3lo a 10.000 de las 47 millones que vivimos en el pa\u00eds.<\/span><\/p>\n<p><span style=\"font-weight: 400;\">Esa medida deber\u00eda ponerse sobre la mesa como una definici\u00f3n de car\u00e1cter permanente, ya que no les hizo ni cosquillas a las grandes fortunas pero signific\u00f3 una recaudaci\u00f3n muy importante, mostrando un rumbo a seguir para mejorar los indicadores y la situaci\u00f3n del trabajo.<\/span><\/p>\n<p><span style=\"font-weight: 400;\">Por ello, debemos trabajar en un proceso de reconversi\u00f3n de la estructura productiva en el largo plazo, acompa\u00f1ado de un aporte del 1% m\u00e1s rico.<\/span><\/p>\n<\/div>\n<\/div>\n","protected":false},"excerpt":{"rendered":"<p>Desde Tribuna conversamos con Luis Campos, parte del Observatorio de la CTA Aut\u00f3noma. \u201cLos sectores que se benefician son las grandes fortunas presentes en la miner\u00eda y la energ\u00eda\u201d.<\/p>\n","protected":false},"author":2,"featured_media":9410,"comment_status":"open","ping_status":"open","sticky":false,"template":"","format":"standard","meta":{"_exactmetrics_skip_tracking":false,"_exactmetrics_sitenote_active":false,"_exactmetrics_sitenote_note":"","_exactmetrics_sitenote_category":0,"jnews-multi-image_gallery":[],"jnews_single_post":{"source_name":"","source_url":"","via_name":"","via_url":"","override_template":"0","override":[{"template":"1","single_blog_custom":"","parallax":"1","fullscreen":"1","layout":"right-sidebar","sidebar":"default-sidebar","second_sidebar":"default-sidebar","sticky_sidebar":"1","share_position":"top","share_float_style":"share-monocrhome","show_share_counter":"1","show_view_counter":"1","show_featured":"1","show_post_meta":"1","show_post_author":"1","show_post_author_image":"1","show_post_date":"1","post_date_format":"default","post_date_format_custom":"Y\/m\/d","show_post_category":"1","show_post_reading_time":"0","post_reading_time_wpm":"300","show_zoom_button":"0","zoom_button_out_step":"2","zoom_button_in_step":"3","show_post_tag":"1","show_prev_next_post":"1","show_popup_post":"1","number_popup_post":"1","show_author_box":"0","show_post_related":"0","show_inline_post_related":"0"}],"override_image_size":"0","image_override":[{"single_post_thumbnail_size":"crop-500","single_post_gallery_size":"crop-500"}],"trending_post":"0","trending_post_position":"meta","trending_post_label":"Trending","sponsored_post":"0","sponsored_post_label":"Sponsored by","sponsored_post_name":"","sponsored_post_url":"","sponsored_post_logo_enable":"0","sponsored_post_logo":"","sponsored_post_desc":""},"jnews_primary_category":{"id":"24"},"jnews_social_meta":{"fb_title":"","fb_description":"","fb_image":"","twitter_title":"","twitter_description":"","twitter_image":""},"jnews_override_counter":{"override_view_counter":"0","view_counter_number":"0","override_share_counter":"0","share_counter_number":"0","override_like_counter":"0","like_counter_number":"0","override_dislike_counter":"0","dislike_counter_number":"0"},"_joinchat":[],"footnotes":""},"categories":[24],"tags":[308,67,35],"class_list":["post-9407","post","type-post","status-publish","format-standard","has-post-thumbnail","hentry","category-opinion","tag-edicion-120","tag-entrevista","tag-trabajadores"],"_links":{"self":[{"href":"https:\/\/tribunavm.com.ar\/index.php\/wp-json\/wp\/v2\/posts\/9407"}],"collection":[{"href":"https:\/\/tribunavm.com.ar\/index.php\/wp-json\/wp\/v2\/posts"}],"about":[{"href":"https:\/\/tribunavm.com.ar\/index.php\/wp-json\/wp\/v2\/types\/post"}],"author":[{"embeddable":true,"href":"https:\/\/tribunavm.com.ar\/index.php\/wp-json\/wp\/v2\/users\/2"}],"replies":[{"embeddable":true,"href":"https:\/\/tribunavm.com.ar\/index.php\/wp-json\/wp\/v2\/comments?post=9407"}],"version-history":[{"count":2,"href":"https:\/\/tribunavm.com.ar\/index.php\/wp-json\/wp\/v2\/posts\/9407\/revisions"}],"predecessor-version":[{"id":9412,"href":"https:\/\/tribunavm.com.ar\/index.php\/wp-json\/wp\/v2\/posts\/9407\/revisions\/9412"}],"wp:featuredmedia":[{"embeddable":true,"href":"https:\/\/tribunavm.com.ar\/index.php\/wp-json\/wp\/v2\/media\/9410"}],"wp:attachment":[{"href":"https:\/\/tribunavm.com.ar\/index.php\/wp-json\/wp\/v2\/media?parent=9407"}],"wp:term":[{"taxonomy":"category","embeddable":true,"href":"https:\/\/tribunavm.com.ar\/index.php\/wp-json\/wp\/v2\/categories?post=9407"},{"taxonomy":"post_tag","embeddable":true,"href":"https:\/\/tribunavm.com.ar\/index.php\/wp-json\/wp\/v2\/tags?post=9407"}],"curies":[{"name":"wp","href":"https:\/\/api.w.org\/{rel}","templated":true}]}}