{"id":945,"date":"2020-04-26T20:54:17","date_gmt":"2020-04-26T20:54:17","guid":{"rendered":"https:\/\/tribunavm.com.ar\/?p=945"},"modified":"2020-04-26T20:54:17","modified_gmt":"2020-04-26T20:54:17","slug":"consumo-organizado","status":"publish","type":"post","link":"https:\/\/tribunavm.com.ar\/index.php\/2020\/04\/26\/consumo-organizado\/","title":{"rendered":"Consumo organizado"},"content":{"rendered":"<div class=\"row clearfix\">\n<div class=\"col-md-8\">\n<p><span class=\"dropcap \" style=\"background-color: #ffffff; color: #dd9933; border-color: #ffffff;\">E<\/span>n el marco de la pandemia provocada por el covid-19, organizaciones integrantes de la Mesa por la Soberan\u00eda Alimentaria realizaron un nuevo armado y entrega de bolsones de verduras.<\/p>\n<p>La actividad fue realizada en conjunto a comedores y merenderos de la ciudad quienes tomaron encargos en los distintos barrios. De esta forma, la entrega llego a esos puntos cambiando la l\u00f3gica a entregas anteriores.<\/p>\n<p><img loading=\"lazy\" decoding=\"async\" class=\"alignleft size-large wp-image-947\" src=\"https:\/\/tribunavm.com.ar\/wp-content\/uploads\/2020\/04\/2-1-1024x682.jpeg\" alt=\"\" width=\"1024\" height=\"682\" srcset=\"https:\/\/tribunavm.com.ar\/wp-content\/uploads\/2020\/04\/2-1-1024x682.jpeg 1024w, https:\/\/tribunavm.com.ar\/wp-content\/uploads\/2020\/04\/2-1-300x200.jpeg 300w, https:\/\/tribunavm.com.ar\/wp-content\/uploads\/2020\/04\/2-1-768x512.jpeg 768w, https:\/\/tribunavm.com.ar\/wp-content\/uploads\/2020\/04\/2-1-750x500.jpeg 750w, https:\/\/tribunavm.com.ar\/wp-content\/uploads\/2020\/04\/2-1-1140x760.jpeg 1140w, https:\/\/tribunavm.com.ar\/wp-content\/uploads\/2020\/04\/2-1.jpeg 1280w\" sizes=\"(max-width: 1024px) 100vw, 1024px\" \/> <img loading=\"lazy\" decoding=\"async\" class=\"alignleft size-large wp-image-948\" src=\"https:\/\/tribunavm.com.ar\/wp-content\/uploads\/2020\/04\/3-1024x682.jpeg\" alt=\"\" width=\"1024\" height=\"682\" srcset=\"https:\/\/tribunavm.com.ar\/wp-content\/uploads\/2020\/04\/3-1024x682.jpeg 1024w, https:\/\/tribunavm.com.ar\/wp-content\/uploads\/2020\/04\/3-300x200.jpeg 300w, https:\/\/tribunavm.com.ar\/wp-content\/uploads\/2020\/04\/3-768x512.jpeg 768w, https:\/\/tribunavm.com.ar\/wp-content\/uploads\/2020\/04\/3-750x500.jpeg 750w, https:\/\/tribunavm.com.ar\/wp-content\/uploads\/2020\/04\/3-1140x760.jpeg 1140w, https:\/\/tribunavm.com.ar\/wp-content\/uploads\/2020\/04\/3.jpeg 1280w\" sizes=\"(max-width: 1024px) 100vw, 1024px\" \/> <img loading=\"lazy\" decoding=\"async\" class=\"alignleft size-large wp-image-949\" src=\"https:\/\/tribunavm.com.ar\/wp-content\/uploads\/2020\/04\/4-1024x682.jpeg\" alt=\"\" width=\"1024\" height=\"682\" srcset=\"https:\/\/tribunavm.com.ar\/wp-content\/uploads\/2020\/04\/4-1024x682.jpeg 1024w, https:\/\/tribunavm.com.ar\/wp-content\/uploads\/2020\/04\/4-300x200.jpeg 300w, https:\/\/tribunavm.com.ar\/wp-content\/uploads\/2020\/04\/4-768x512.jpeg 768w, https:\/\/tribunavm.com.ar\/wp-content\/uploads\/2020\/04\/4-750x500.jpeg 750w, https:\/\/tribunavm.com.ar\/wp-content\/uploads\/2020\/04\/4-1140x760.jpeg 1140w, https:\/\/tribunavm.com.ar\/wp-content\/uploads\/2020\/04\/4.jpeg 1280w\" sizes=\"(max-width: 1024px) 100vw, 1024px\" \/> <img loading=\"lazy\" decoding=\"async\" class=\"alignleft size-large wp-image-950\" src=\"https:\/\/tribunavm.com.ar\/wp-content\/uploads\/2020\/04\/5-1024x682.jpeg\" alt=\"\" width=\"1024\" height=\"682\" srcset=\"https:\/\/tribunavm.com.ar\/wp-content\/uploads\/2020\/04\/5-1024x682.jpeg 1024w, https:\/\/tribunavm.com.ar\/wp-content\/uploads\/2020\/04\/5-300x200.jpeg 300w, https:\/\/tribunavm.com.ar\/wp-content\/uploads\/2020\/04\/5-768x512.jpeg 768w, https:\/\/tribunavm.com.ar\/wp-content\/uploads\/2020\/04\/5-750x500.jpeg 750w, https:\/\/tribunavm.com.ar\/wp-content\/uploads\/2020\/04\/5-1140x760.jpeg 1140w, https:\/\/tribunavm.com.ar\/wp-content\/uploads\/2020\/04\/5.jpeg 1280w\" sizes=\"(max-width: 1024px) 100vw, 1024px\" \/><\/p>\n<p>En el <strong>comunicado<\/strong> publicado por la Mesa detall\u00f3:<\/p>\n<p>&#8220;En Villa Mar\u00eda y Villa Nueva, en el marco de la emergencia sanitaria del COVID 19, las organizaciones que formamos parte de la <strong>Mesa por la Soberan\u00eda Alimentaria<\/strong> continuamos aunando esfuerzos en la lucha por paliar los padecimientos que las medidas de confinamiento conllevan inevitablemente para muchas familias de las dos villas, imposibilitadas, incluso antes de la cuarentena, de generar ingresos que permitan traer un plato a la mesa.<\/p>\n<p>En cumplimiento de los recaudos necesarios que rigen las normativas de sanidad, <strong>trabajadores\/as, estudiantes y vecinos\/as<\/strong> que formamos parte de esta mesa, llevamos adelante el operativo de <strong>compra anticipada y armado organizado de 358 bolsones de verduras<\/strong>, el cual inclu\u00eda 6 kilos de papa, cebolla, zanahoria, anco, naranja y lechuga, y de este modo romper parcialmente el aislamiento individual que impregnan estos tiempos, afrontando nuestros problemas de la \u00fanica forma posible: como comunidad.<\/p>\n<blockquote>\n<blockquote class=\"pullquote align-center\"><p>De este modo romper parcialmente el aislamiento individual que impregnan estos tiempos, afrontando nuestros problemas de la \u00fanica forma posible: como comunidad<\/p><\/blockquote>\n<\/blockquote>\n<p>Este operativo cont\u00f3 con el aporte y la participaci\u00f3n de espacios sociales, comedores y merenderos de ambas ciudades: La Esperanza (Nicol\u00e1s Avellaneda), Pinceladas (San Nicol\u00e1s), Lugar de Amparo (Nicol\u00e1s Avellaneda \u2013 Loteo Smitarello), Caritas Felices (La Calera) y Merienda Feliz (La Floresta).<\/p>\n<p>De esta manera, intentamos acercar y poner en com\u00fan esta herramienta para expandir una red que se proponga un acceso al alimento de una forma justa y consciente. Es as\u00ed que, para las familias que asisten a estos comedores, el costo del bols\u00f3n fue reducido a la mitad, siendo esta parte solventada con un remanente de cada bols\u00f3n restante, ahorros propios de la Mesa y un aporte de la Orden de la Merced. Adem\u00e1s, se invit\u00f3 a que cada participante de la compra comunitaria pudiera acercar un alimento no perecedero al momento de retirar su bols\u00f3n, los cu\u00e1les fueron reunidos y distribuidos en los mismos comedores que participaron de la iniciativa.<\/p>\n<p>Menci\u00f3n y agradecimientos a la Municipalidad de Villa Nueva y a la Universidad Nacional de Villa Mar\u00eda, que dispusieron del apoyo log\u00edstico necesario para poder realizar esta actividad&#8221;, finaliza el mismo.<\/p>\n<\/div>\n<\/div>\n","protected":false},"excerpt":{"rendered":"<p>En el marco de la pandemia provocada por el covid-19, organizaciones integrantes de la Mesa por la Soberan\u00eda Alimentaria realizaron un nuevo armado y entrega de bolsones de verduras. La actividad fue realizada en conjunto a comedores y merenderos de la ciudad quienes tomaron encargos en los distintos barrios. De esta forma, la entrega llego [&hellip;]<\/p>\n","protected":false},"author":2,"featured_media":946,"comment_status":"open","ping_status":"open","sticky":false,"template":"","format":"standard","meta":{"_exactmetrics_skip_tracking":false,"_exactmetrics_sitenote_active":false,"_exactmetrics_sitenote_note":"","_exactmetrics_sitenote_category":0,"jnews-multi-image_gallery":[],"jnews_single_post":{"subtitle":"","format":"standard","video":"","gallery":"","source_name":"","source_url":"","via_name":"","via_url":"","override_template":"0","override":[{"template":"1","single_blog_custom":"","parallax":"1","fullscreen":"0","layout":"right-sidebar","sidebar":"default-sidebar","second_sidebar":"default-sidebar","sticky_sidebar":"1","share_position":"top","share_float_style":"share-monocrhome","show_share_counter":"1","show_view_counter":"1","show_featured":"1","show_post_meta":"1","show_post_author":"1","show_post_author_image":"1","show_post_date":"1","post_date_format":"default","post_date_format_custom":"Y\/m\/d","show_post_category":"1","show_post_reading_time":"0","post_reading_time_wpm":"300","show_zoom_button":"0","zoom_button_out_step":"2","zoom_button_in_step":"3","show_post_tag":"1","show_prev_next_post":"1","show_popup_post":"1","number_popup_post":"1","show_author_box":"0","show_post_related":"0","show_inline_post_related":"0"}],"override_image_size":"0","image_override":[{"single_post_thumbnail_size":"crop-500","single_post_gallery_size":"crop-500"}],"trending_post":"0","trending_post_position":"meta","trending_post_label":"Trending","sponsored_post":"0","sponsored_post_label":"Sponsored by","sponsored_post_name":"","sponsored_post_url":"","sponsored_post_logo_enable":"0","sponsored_post_logo":"","sponsored_post_desc":""},"jnews_primary_category":{"id":"22"},"jnews_social_meta":{"fb_title":"","fb_description":"","fb_image":"","twitter_title":"","twitter_description":"","twitter_image":""},"jnews_override_counter":{"override_view_counter":"0","view_counter_number":"0","override_share_counter":"0","share_counter_number":"0","override_like_counter":"0","like_counter_number":"0","override_dislike_counter":"0","dislike_counter_number":"0"},"_joinchat":[],"footnotes":""},"categories":[22],"tags":[],"class_list":["post-945","post","type-post","status-publish","format-standard","has-post-thumbnail","hentry","category-actualidad"],"_links":{"self":[{"href":"https:\/\/tribunavm.com.ar\/index.php\/wp-json\/wp\/v2\/posts\/945"}],"collection":[{"href":"https:\/\/tribunavm.com.ar\/index.php\/wp-json\/wp\/v2\/posts"}],"about":[{"href":"https:\/\/tribunavm.com.ar\/index.php\/wp-json\/wp\/v2\/types\/post"}],"author":[{"embeddable":true,"href":"https:\/\/tribunavm.com.ar\/index.php\/wp-json\/wp\/v2\/users\/2"}],"replies":[{"embeddable":true,"href":"https:\/\/tribunavm.com.ar\/index.php\/wp-json\/wp\/v2\/comments?post=945"}],"version-history":[{"count":2,"href":"https:\/\/tribunavm.com.ar\/index.php\/wp-json\/wp\/v2\/posts\/945\/revisions"}],"predecessor-version":[{"id":952,"href":"https:\/\/tribunavm.com.ar\/index.php\/wp-json\/wp\/v2\/posts\/945\/revisions\/952"}],"wp:featuredmedia":[{"embeddable":true,"href":"https:\/\/tribunavm.com.ar\/index.php\/wp-json\/wp\/v2\/media\/946"}],"wp:attachment":[{"href":"https:\/\/tribunavm.com.ar\/index.php\/wp-json\/wp\/v2\/media?parent=945"}],"wp:term":[{"taxonomy":"category","embeddable":true,"href":"https:\/\/tribunavm.com.ar\/index.php\/wp-json\/wp\/v2\/categories?post=945"},{"taxonomy":"post_tag","embeddable":true,"href":"https:\/\/tribunavm.com.ar\/index.php\/wp-json\/wp\/v2\/tags?post=945"}],"curies":[{"name":"wp","href":"https:\/\/api.w.org\/{rel}","templated":true}]}}