{"id":953,"date":"2020-04-29T16:16:53","date_gmt":"2020-04-29T16:16:53","guid":{"rendered":"https:\/\/tribunavm.com.ar\/?p=953"},"modified":"2020-04-29T16:38:39","modified_gmt":"2020-04-29T16:38:39","slug":"ollas-populares-en-todo-el-pais","status":"publish","type":"post","link":"https:\/\/tribunavm.com.ar\/index.php\/2020\/04\/29\/ollas-populares-en-todo-el-pais\/","title":{"rendered":"Ollas populares en todo el pa\u00eds"},"content":{"rendered":"<div class=\"row clearfix\">\n<div class=\"col-md-8\">\n<div class=\"intro-text\">\n<p><em>Bajo la consigna Mil Ollas Populares- \u201cEl Hambre es un Crimen\u201d-, la FeNaT (Federaci\u00f3n Nacional Territorial) perteneciente a la CTA- Aut\u00f3noma realiz\u00f3 una jornada en Argentina reclamando ingreso universal familiar, asistencia presupuestaria para la emergencia alimentaria y la suspensi\u00f3n del pago de la deuda externa.<\/em><\/p>\n<\/div>\n<p><span class=\"dropcap \" style=\"background-color: #ffffff; color: #dd9933; border-color: #ffffff;\">E<\/span>n el d\u00eda de ayer, se realizaron diversas ollas en barrios populares de la provincia de C\u00f3rdoba con motivo de visibilizar la cr\u00edtica situaci\u00f3n que vive la poblaci\u00f3n en cuanto las condiciones econ\u00f3micas. La actividad tuvo lugar en las localidades de Villa Mar\u00eda, C\u00f3rdoba, Rio Cuarto, San Francisco, Sampacho y Rio Tercero.<\/p>\n<p>En el plano local, <strong>Dayana Morre<\/strong> (integrante de FeNaT) coment\u00f3 a <strong>Tribuna <\/strong>que se realizaron tres ollas populares. Dos en el Barrio Nicol\u00e1s Avellaneda y una en Barrio Las Playas, totalizando una producci\u00f3n de 300 raciones de comida. Describi\u00f3 la jornada de forma muy positiva por el lado de la coordinaci\u00f3n y la organizaci\u00f3n, pero resalto que esto es una muestra de la cr\u00edtica situaci\u00f3n que se vive en relaci\u00f3n a la alimentaci\u00f3n de la poblaci\u00f3n (Ver: <a href=\"https:\/\/drive.google.com\/file\/d\/1t41vQiD6aA-EdoPgzCxMKO5nKxa9Q63D\/view?usp=sharing\">Informe de la Municipalidad VM<\/a>).<\/p>\n<figure id=\"attachment_954\" aria-describedby=\"caption-attachment-954\" style=\"width: 150px\" class=\"wp-caption alignleft\"><img loading=\"lazy\" decoding=\"async\" class=\"wp-image-954 size-thumbnail\" src=\"https:\/\/tribunavm.com.ar\/wp-content\/uploads\/2020\/04\/FENAT1-150x150.jpeg\" alt=\"\" width=\"150\" height=\"150\" srcset=\"https:\/\/tribunavm.com.ar\/wp-content\/uploads\/2020\/04\/FENAT1-150x150.jpeg 150w, https:\/\/tribunavm.com.ar\/wp-content\/uploads\/2020\/04\/FENAT1-75x75.jpeg 75w\" sizes=\"(max-width: 150px) 100vw, 150px\" \/><figcaption id=\"caption-attachment-954\" class=\"wp-caption-text\">Fuente: Agencia CTA-A<\/figcaption><\/figure>\n<p><img loading=\"lazy\" decoding=\"async\" class=\"wp-image-955 size-thumbnail alignnone\" src=\"https:\/\/tribunavm.com.ar\/wp-content\/uploads\/2020\/04\/FENAT2-150x150.jpeg\" alt=\"\" width=\"150\" height=\"150\" srcset=\"https:\/\/tribunavm.com.ar\/wp-content\/uploads\/2020\/04\/FENAT2-150x150.jpeg 150w, https:\/\/tribunavm.com.ar\/wp-content\/uploads\/2020\/04\/FENAT2-75x75.jpeg 75w\" sizes=\"(max-width: 150px) 100vw, 150px\" \/><img loading=\"lazy\" decoding=\"async\" class=\"alignnone wp-image-956 size-thumbnail\" src=\"https:\/\/tribunavm.com.ar\/wp-content\/uploads\/2020\/04\/FENAT3-150x150.jpeg\" alt=\"\" width=\"150\" height=\"150\" srcset=\"https:\/\/tribunavm.com.ar\/wp-content\/uploads\/2020\/04\/FENAT3-150x150.jpeg 150w, https:\/\/tribunavm.com.ar\/wp-content\/uploads\/2020\/04\/FENAT3-75x75.jpeg 75w\" sizes=\"(max-width: 150px) 100vw, 150px\" \/><img loading=\"lazy\" decoding=\"async\" class=\"alignnone size-thumbnail wp-image-957\" src=\"https:\/\/tribunavm.com.ar\/wp-content\/uploads\/2020\/04\/FENAT4-150x150.jpeg\" alt=\"\" width=\"150\" height=\"150\" srcset=\"https:\/\/tribunavm.com.ar\/wp-content\/uploads\/2020\/04\/FENAT4-150x150.jpeg 150w, https:\/\/tribunavm.com.ar\/wp-content\/uploads\/2020\/04\/FENAT4-300x300.jpeg 300w, https:\/\/tribunavm.com.ar\/wp-content\/uploads\/2020\/04\/FENAT4-75x75.jpeg 75w, https:\/\/tribunavm.com.ar\/wp-content\/uploads\/2020\/04\/FENAT4.jpeg 720w\" sizes=\"(max-width: 150px) 100vw, 150px\" \/><img loading=\"lazy\" decoding=\"async\" class=\"alignnone size-thumbnail wp-image-958\" src=\"https:\/\/tribunavm.com.ar\/wp-content\/uploads\/2020\/04\/FENAT5-150x150.jpeg\" alt=\"\" width=\"150\" height=\"150\" srcset=\"https:\/\/tribunavm.com.ar\/wp-content\/uploads\/2020\/04\/FENAT5-150x150.jpeg 150w, https:\/\/tribunavm.com.ar\/wp-content\/uploads\/2020\/04\/FENAT5-75x75.jpeg 75w\" sizes=\"(max-width: 150px) 100vw, 150px\" \/><\/p>\n<p>Por su parte, <strong>Silvia Alcoba<\/strong> (coordinadora a nivel provincial de FeNat) destac\u00f3 la importancia de la actividad de forma coordinada que tuvo replica en diferentes medios de prensa, y se refiri\u00f3 de forma positiva ya que el reclamo ha llegado a Juan Carlos Massei, actual ministro de Gobierno de la provincia de C\u00f3rdoba. Tambi\u00e9n destac\u00f3 que en algunos merenderos la polic\u00eda provincial se hizo presente. \u201cMe siento orgullosa porque ac\u00e1 no se trata de una sola persona. Somos un conjunto que vamos a lograr algo en com\u00fan porque tenemos el mismo prop\u00f3sito que es ayudar al otro\u201d. Celebr\u00f3 que \u201ccada protesta, cada encuentro, es lo que fortalece la organizaci\u00f3n\u201d.<\/p>\n<p>A prop\u00f3sito de la evaluaci\u00f3n de la jornada, <strong>Omar Giuliani<\/strong> qui\u00e9n se desempe\u00f1a como coordinador Nacional de la FeNat, aclar\u00f3 que si bien \u201cvaloramos las pol\u00edticas implementadas por el Gobierno de Alberto Fern\u00e1ndez, pero hacemos notar que conforme avanza la crisis, ya no alcanza y hay que profundizarlas. Tambi\u00e9n es necesario decir que, en momentos en que algunos dicen que para afrontar la crisis hay que bajar salarios, nosotros decimos que los recursos hay que ir a buscarlos en donde est\u00e1n: en las grandes fortunas de los enriquecidos, en los bancos y en quienes fugaron dinero de todos los argentinos\u201d.<\/p>\n<blockquote class=\"pullquote align-center\"><p>&#8220;Nosotros decimos que los recursos hay que ir a buscarlos en donde est\u00e1n: en las grandes fortunas de los enriquecidos, en los bancos y en quienes fugaron dinero de todos los argentinos\u201d.<\/p>\n<p><strong>Omar Giuliani- FeNaT Coord. Nacional<\/strong><\/p><\/blockquote>\n<p>Seg\u00fan se publica en la agencia de la Central Obrera, la actividad se replic\u00f3 en Buenos Aires, Capital Federal, Santa Fe, Rosario, Rio Negro, Chubut, Tucum\u00e1n, La Rioja, Santa Cruz, San Juan, Salta, Tierra del Fuego, Entre R\u00edos, Jujuy y Misiones.<\/p>\n<\/div>\n<\/div>\n","protected":false},"excerpt":{"rendered":"<p>Bajo la consigna Mil Ollas Populares- \u201cEl Hambre es un Crimen\u201d-, la FeNaT (Federaci\u00f3n Nacional Territorial) perteneciente a la CTA- Aut\u00f3noma realiz\u00f3 una jornada en Argentina reclamando ingreso universal familiar, asistencia presupuestaria para la emergencia alimentaria y la suspensi\u00f3n del pago de la deuda externa. En el d\u00eda de ayer, se realizaron diversas ollas en [&hellip;]<\/p>\n","protected":false},"author":2,"featured_media":959,"comment_status":"open","ping_status":"open","sticky":false,"template":"","format":"standard","meta":{"_exactmetrics_skip_tracking":false,"_exactmetrics_sitenote_active":false,"_exactmetrics_sitenote_note":"","_exactmetrics_sitenote_category":0,"jnews-multi-image_gallery":[],"jnews_single_post":{"subtitle":"","format":"standard","video":"","gallery":"","source_name":"","source_url":"","via_name":"","via_url":"","override_template":"0","override":[{"template":"1","single_blog_custom":"","parallax":"1","fullscreen":"0","layout":"right-sidebar","sidebar":"default-sidebar","second_sidebar":"default-sidebar","sticky_sidebar":"1","share_position":"top","share_float_style":"share-monocrhome","show_share_counter":"1","show_view_counter":"1","show_featured":"1","show_post_meta":"1","show_post_author":"1","show_post_author_image":"1","show_post_date":"1","post_date_format":"default","post_date_format_custom":"Y\/m\/d","show_post_category":"1","show_post_reading_time":"0","post_reading_time_wpm":"300","show_zoom_button":"0","zoom_button_out_step":"2","zoom_button_in_step":"3","show_post_tag":"1","show_prev_next_post":"1","show_popup_post":"1","number_popup_post":"1","show_author_box":"0","show_post_related":"0","show_inline_post_related":"0"}],"override_image_size":"0","image_override":[{"single_post_thumbnail_size":"crop-500","single_post_gallery_size":"crop-500"}],"trending_post":"0","trending_post_position":"meta","trending_post_label":"Trending","sponsored_post":"0","sponsored_post_label":"Sponsored by","sponsored_post_name":"","sponsored_post_url":"","sponsored_post_logo_enable":"0","sponsored_post_logo":"","sponsored_post_desc":""},"jnews_primary_category":{"id":"22"},"jnews_social_meta":{"fb_title":"","fb_description":"","fb_image":"","twitter_title":"","twitter_description":"","twitter_image":""},"jnews_override_counter":{"override_view_counter":"0","view_counter_number":"0","override_share_counter":"0","share_counter_number":"0","override_like_counter":"0","like_counter_number":"0","override_dislike_counter":"0","dislike_counter_number":"0"},"_joinchat":[],"footnotes":""},"categories":[22],"tags":[],"class_list":["post-953","post","type-post","status-publish","format-standard","has-post-thumbnail","hentry","category-actualidad"],"_links":{"self":[{"href":"https:\/\/tribunavm.com.ar\/index.php\/wp-json\/wp\/v2\/posts\/953"}],"collection":[{"href":"https:\/\/tribunavm.com.ar\/index.php\/wp-json\/wp\/v2\/posts"}],"about":[{"href":"https:\/\/tribunavm.com.ar\/index.php\/wp-json\/wp\/v2\/types\/post"}],"author":[{"embeddable":true,"href":"https:\/\/tribunavm.com.ar\/index.php\/wp-json\/wp\/v2\/users\/2"}],"replies":[{"embeddable":true,"href":"https:\/\/tribunavm.com.ar\/index.php\/wp-json\/wp\/v2\/comments?post=953"}],"version-history":[{"count":3,"href":"https:\/\/tribunavm.com.ar\/index.php\/wp-json\/wp\/v2\/posts\/953\/revisions"}],"predecessor-version":[{"id":962,"href":"https:\/\/tribunavm.com.ar\/index.php\/wp-json\/wp\/v2\/posts\/953\/revisions\/962"}],"wp:featuredmedia":[{"embeddable":true,"href":"https:\/\/tribunavm.com.ar\/index.php\/wp-json\/wp\/v2\/media\/959"}],"wp:attachment":[{"href":"https:\/\/tribunavm.com.ar\/index.php\/wp-json\/wp\/v2\/media?parent=953"}],"wp:term":[{"taxonomy":"category","embeddable":true,"href":"https:\/\/tribunavm.com.ar\/index.php\/wp-json\/wp\/v2\/categories?post=953"},{"taxonomy":"post_tag","embeddable":true,"href":"https:\/\/tribunavm.com.ar\/index.php\/wp-json\/wp\/v2\/tags?post=953"}],"curies":[{"name":"wp","href":"https:\/\/api.w.org\/{rel}","templated":true}]}}