{"id":9667,"date":"2023-11-26T02:29:12","date_gmt":"2023-11-26T02:29:12","guid":{"rendered":"https:\/\/tribunavm.com.ar\/?p=9667"},"modified":"2023-11-26T02:29:12","modified_gmt":"2023-11-26T02:29:12","slug":"encuentro-entre-xi-jinping-y-joe-biden-en-san-francisco","status":"publish","type":"post","link":"https:\/\/tribunavm.com.ar\/index.php\/2023\/11\/26\/encuentro-entre-xi-jinping-y-joe-biden-en-san-francisco\/","title":{"rendered":"Encuentro entre Xi Jinping y Joe Biden en San Francisco"},"content":{"rendered":"<div class=\"row clearfix\">\n<div class=\"col-md-8\">\n<p><span style=\"color: #212121; font-size: 1.5em; letter-spacing: -0.01em;\">El viaje del mandatario chino a EE.UU. es el primero en 6 a\u00f1os y coincide con la 30\u00b0 Reuni\u00f3n de L\u00edderes Econ\u00f3micos de la APEC.<\/span><\/p>\n<p><span style=\"font-weight: 400;\"><span class=\"dropcap \" style=\"background-color: #ffffff; color: #dd9933; border-color: #ffffff;\">E<\/span>l mi\u00e9rcoles 15 de noviembre, los mandatarios de Estados Unidos y China, Joe Biden y Xi Jinping, se reunieron en la ciudad de San Francisco. Entre los temas abordados durante el encuentro se encuentra la <\/span><span style=\"color: #ff9900;\"><a style=\"color: #ff9900;\" href=\"https:\/\/tribunavm.com.ar\/index.php\/2022\/08\/29\/eeuu-y-taiwan-firman-acuerdo-de-cooperacion\/\"><span style=\"font-weight: 400;\">problem\u00e1tica en torno a Taiw\u00e1n<\/span><\/a><\/span><span style=\"font-weight: 400;\"><span style=\"color: #ff9900;\">,<\/span> las pol\u00edticas contra el narcotr\u00e1fico y la reanudaci\u00f3n de la comunicaci\u00f3n bilateral en materia militar.<\/span><\/p>\n<p><span style=\"font-weight: 400;\">En base a lo <\/span><span style=\"color: #ff9900;\"><a style=\"color: #ff9900;\" href=\"https:\/\/www.fmprc.gov.cn\/esp\/xwfw\/lxjzzdh\/202311\/t20231118_11182965.html\"><span style=\"font-weight: 400;\">explicado <\/span><\/a><\/span><span style=\"font-weight: 400;\">por Mao Ning, portavoz del Ministerio de Relaciones Exteriores de China, durante el encuentro ambas partes se comprometieron a \u201creanudar la comunicaci\u00f3n militar de alto nivel, las Conversaciones de Coordinaci\u00f3n de Pol\u00edtica de Defensa, y las reuniones del Acuerdo Consultivo Mar\u00edtimo Militar\u201d.<\/span><\/p>\n<p><img loading=\"lazy\" decoding=\"async\" class=\"aligncenter size-full wp-image-9668\" src=\"https:\/\/tribunavm.com.ar\/wp-content\/uploads\/2023\/11\/CHINA-Y-EEUU-con-toda-la-banda.png\" alt=\"\" width=\"1280\" height=\"720\" srcset=\"https:\/\/tribunavm.com.ar\/wp-content\/uploads\/2023\/11\/CHINA-Y-EEUU-con-toda-la-banda.png 1280w, https:\/\/tribunavm.com.ar\/wp-content\/uploads\/2023\/11\/CHINA-Y-EEUU-con-toda-la-banda-300x169.png 300w, https:\/\/tribunavm.com.ar\/wp-content\/uploads\/2023\/11\/CHINA-Y-EEUU-con-toda-la-banda-1024x576.png 1024w, https:\/\/tribunavm.com.ar\/wp-content\/uploads\/2023\/11\/CHINA-Y-EEUU-con-toda-la-banda-768x432.png 768w, https:\/\/tribunavm.com.ar\/wp-content\/uploads\/2023\/11\/CHINA-Y-EEUU-con-toda-la-banda-750x422.png 750w, https:\/\/tribunavm.com.ar\/wp-content\/uploads\/2023\/11\/CHINA-Y-EEUU-con-toda-la-banda-1140x641.png 1140w\" sizes=\"(max-width: 1280px) 100vw, 1280px\" \/><\/p>\n<p><span style=\"font-weight: 400;\">El di\u00e1logo militar mantenido entre ambos pa\u00edses fue cortado tras la visita de Nancy Pelosi, presidenta de la C\u00e1mara de Representantes, a la isla de Taiw\u00e1n en agosto de 2022. A partir de este hecho, la relaci\u00f3n entre China y EE.UU. se vi\u00f3 deteriorada por haber \u201cinfringido gravemente la soberan\u00eda y la integridad territorial de China<\/span><span style=\"font-weight: 400;\">, socavado seriamente la paz y la estabilidad del Estrecho de Taiwan, y enviado una se\u00f1al muy equivocada a las fuerzas secesionistas por la \u201cindependencia de Taiw\u00e1n<\/span><span style=\"font-weight: 400;\">\u201d, seg\u00fan <\/span><span style=\"color: #ff9900;\"><a style=\"color: #ff9900;\" href=\"https:\/\/www.fmprc.gov.cn\/esp\/wjdt\/gongbao\/202208\/t20220802_10732323.html\"><span style=\"font-weight: 400;\">expresaban <\/span><\/a><\/span><span style=\"font-weight: 400;\">desde el Ministerio de Relaciones Exteriores de China en dicho momento.<\/span><\/p>\n<p><b><span style=\"color: #ff9900;\">Ver:<\/span> <\/b><span style=\"color: #ff9900;\"><a style=\"color: #ff9900;\" href=\"https:\/\/tribunavm.com.ar\/index.php\/2022\/08\/15\/nuevas-tensiones-en-el-mar-indopacifico\/\"><b>Nuevas tensiones en el mar Indopac\u00edfico<\/b><\/a><\/span><\/p>\n<p><span style=\"font-weight: 400;\">Asimismo, las discusiones viraron hacia la cooperaci\u00f3n en pol\u00edtica para contrarrestar el narcotr\u00e1fico y en especial para apuntar al origen del fentanilo. En este sentido, tras el encuentro, el presidente norteamericano afirm\u00f3 que \u201cChina ya ha tomado medidas para cerrar empresas que se dedican al comercio il\u00edcito de precursores qu\u00edmicos. No solo vamos a confiar en que esto pase: tenemos que comprobarlo\u201d.<\/span><\/p>\n<p><span style=\"font-weight: 400;\">Por otro lado, seg\u00fan lo expresado en un <\/span><span style=\"color: #ff9900;\"><a style=\"color: #ff9900;\" href=\"https:\/\/www.fmprc.gov.cn\/esp\/zxxx\/202311\/t20231116_11181519.html\"><span style=\"font-weight: 400;\">comunicado<\/span><\/a><\/span><span style=\"font-weight: 400;\"> del Ministerio de Relaciones Exteriores de China, \u201clos dos l\u00edderes subrayaron la importancia de trabajar juntos para acelerar los esfuerzos por\u2002abordar la crisis clim\u00e1tica en esta d\u00e9cada crucial\u201d.\u00a0<\/span><\/p>\n<p><span style=\"font-weight: 400;\">Por \u00faltimo, ambas partes discutieron en torno a los conflictos en Europa y Medio Oriente. En este sentido no trascendieron medidas coordinadas m\u00e1s all\u00e1 de la apelaci\u00f3n al di\u00e1logo entre las partes.<\/span><\/p>\n<\/div>\n<\/div>\n","protected":false},"excerpt":{"rendered":"<p>El viaje del mandatario chino a EE.UU. es el primero en 6 a\u00f1os y coincide con la 30\u00b0 Reuni\u00f3n de L\u00edderes Econ\u00f3micos de la APEC.<\/p>\n","protected":false},"author":2,"featured_media":9669,"comment_status":"open","ping_status":"open","sticky":false,"template":"","format":"standard","meta":{"_exactmetrics_skip_tracking":false,"_exactmetrics_sitenote_active":false,"_exactmetrics_sitenote_note":"","_exactmetrics_sitenote_category":0,"jnews-multi-image_gallery":[],"jnews_single_post":{"source_name":"","source_url":"","via_name":"","via_url":"","override_template":"0","override":[{"template":"1","single_blog_custom":"","parallax":"1","fullscreen":"1","layout":"right-sidebar","sidebar":"default-sidebar","second_sidebar":"default-sidebar","sticky_sidebar":"1","share_position":"top","share_float_style":"share-monocrhome","show_share_counter":"1","show_view_counter":"1","show_featured":"1","show_post_meta":"1","show_post_author":"1","show_post_author_image":"1","show_post_date":"1","post_date_format":"default","post_date_format_custom":"Y\/m\/d","show_post_category":"1","show_post_reading_time":"0","post_reading_time_wpm":"300","show_zoom_button":"0","zoom_button_out_step":"2","zoom_button_in_step":"3","show_post_tag":"1","show_prev_next_post":"1","show_popup_post":"1","number_popup_post":"1","show_author_box":"0","show_post_related":"0","show_inline_post_related":"0"}],"override_image_size":"0","image_override":[{"single_post_thumbnail_size":"crop-500","single_post_gallery_size":"crop-500"}],"trending_post":"0","trending_post_position":"meta","trending_post_label":"Trending","sponsored_post":"0","sponsored_post_label":"Sponsored by","sponsored_post_name":"","sponsored_post_url":"","sponsored_post_logo_enable":"0","sponsored_post_logo":"","sponsored_post_desc":""},"jnews_primary_category":{"id":"276"},"jnews_social_meta":{"fb_title":"","fb_description":"","fb_image":"","twitter_title":"","twitter_description":"","twitter_image":""},"jnews_override_counter":{"override_view_counter":"0","view_counter_number":"0","override_share_counter":"0","share_counter_number":"0","override_like_counter":"0","like_counter_number":"0","override_dislike_counter":"0","dislike_counter_number":"0"},"_joinchat":[],"footnotes":""},"categories":[276],"tags":[318,75,240],"class_list":["post-9667","post","type-post","status-publish","format-standard","has-post-thumbnail","hentry","category-internacional","tag-edicion-123","tag-internacional","tag-militar"],"_links":{"self":[{"href":"https:\/\/tribunavm.com.ar\/index.php\/wp-json\/wp\/v2\/posts\/9667"}],"collection":[{"href":"https:\/\/tribunavm.com.ar\/index.php\/wp-json\/wp\/v2\/posts"}],"about":[{"href":"https:\/\/tribunavm.com.ar\/index.php\/wp-json\/wp\/v2\/types\/post"}],"author":[{"embeddable":true,"href":"https:\/\/tribunavm.com.ar\/index.php\/wp-json\/wp\/v2\/users\/2"}],"replies":[{"embeddable":true,"href":"https:\/\/tribunavm.com.ar\/index.php\/wp-json\/wp\/v2\/comments?post=9667"}],"version-history":[{"count":1,"href":"https:\/\/tribunavm.com.ar\/index.php\/wp-json\/wp\/v2\/posts\/9667\/revisions"}],"predecessor-version":[{"id":9670,"href":"https:\/\/tribunavm.com.ar\/index.php\/wp-json\/wp\/v2\/posts\/9667\/revisions\/9670"}],"wp:featuredmedia":[{"embeddable":true,"href":"https:\/\/tribunavm.com.ar\/index.php\/wp-json\/wp\/v2\/media\/9669"}],"wp:attachment":[{"href":"https:\/\/tribunavm.com.ar\/index.php\/wp-json\/wp\/v2\/media?parent=9667"}],"wp:term":[{"taxonomy":"category","embeddable":true,"href":"https:\/\/tribunavm.com.ar\/index.php\/wp-json\/wp\/v2\/categories?post=9667"},{"taxonomy":"post_tag","embeddable":true,"href":"https:\/\/tribunavm.com.ar\/index.php\/wp-json\/wp\/v2\/tags?post=9667"}],"curies":[{"name":"wp","href":"https:\/\/api.w.org\/{rel}","templated":true}]}}