{"id":9717,"date":"2023-11-26T03:30:03","date_gmt":"2023-11-26T03:30:03","guid":{"rendered":"https:\/\/tribunavm.com.ar\/?p=9717"},"modified":"2023-11-27T03:03:07","modified_gmt":"2023-11-27T03:03:07","slug":"solidaridad-barrenderos-realizaron-ollas-populares-en-barrios-de-la-ciudad","status":"publish","type":"post","link":"https:\/\/tribunavm.com.ar\/index.php\/2023\/11\/26\/solidaridad-barrenderos-realizaron-ollas-populares-en-barrios-de-la-ciudad\/","title":{"rendered":"Barrenderos realizaron ollas populares en barrios de la ciudad"},"content":{"rendered":"<div class=\"row clearfix\">\n<div class=\"col-md-8\">\n<div class=\"intro-text\">\n<p><span style=\"font-weight: 400;\">Ante la situaci\u00f3n econ\u00f3mica, desde Barrenderos Villa Mar\u00eda organizaron dos olladas en Barrio La Calera y San Nicol\u00e1s.<\/span><\/p>\n<\/div>\n<p><span style=\"font-weight: 400;\"><span class=\"dropcap \" style=\"background-color: #ffffff; color: #dd9933; border-color: #ffffff;\">E<\/span>l grupo <\/span><span style=\"color: #ff9900;\"><a style=\"color: #ff9900;\" href=\"https:\/\/www.instagram.com\/barrenderosvm\/\"><span style=\"font-weight: 400;\">Barrenderos de Villa Mar\u00eda<\/span><\/a><\/span><span style=\"font-weight: 400;\"> realiz\u00f3 el lunes pasado una olla popular en el barrio San Nicol\u00e1s junto a trabajadores de la Junta Interna de F\u00e1brica Militar y militantes de la CTA Aut\u00f3noma.\u00a0<\/span><\/p>\n<p><span style=\"font-weight: 400;\">La iniciativa comenz\u00f3 el 13 de noviembre en La Calera. En esa oportunidad se entregaron 130 porciones de comida que fueron elaboradas junto a\u00a0 los encargados del comedor \u201cSo\u00f1emos Juntos\u201d.<\/span><\/p>\n<p><span style=\"font-weight: 400;\">Desde Tribuna dialogamos con Facundo Mosquera, representante de Barrenderos Villa Maria, quien nos coment\u00f3 que \u201cesta acci\u00f3n viene de parte de los chicos del barrio, somos los que estuvimos en la huelga de barrenderos ya que nos dedicamos a lo mismo y nos conocemos la mayor\u00eda porque crecimos en La Calera\u201d.<\/span><\/p>\n<blockquote class=\"instagram-media\" style=\"background: #FFF; border: 0; border-radius: 3px; box-shadow: 0 0 1px 0 rgba(0,0,0,0.5),0 1px 10px 0 rgba(0,0,0,0.15); margin: 1px; max-width: 540px; min-width: 326px; padding: 0; width: calc(100% - 2px);\" data-instgrm-captioned=\"\" data-instgrm-permalink=\"https:\/\/www.instagram.com\/p\/Cz47ec4MRQ_\/?utm_source=ig_embed&amp;utm_campaign=loading\" data-instgrm-version=\"14\">\n<div style=\"padding: 16px;\">\n<p>&nbsp;<\/p>\n<div style=\"display: flex; flex-direction: row; align-items: center;\">\n<div style=\"background-color: #f4f4f4; border-radius: 50%; flex-grow: 0; height: 40px; margin-right: 14px; width: 40px;\"><\/div>\n<div style=\"display: flex; flex-direction: column; flex-grow: 1; justify-content: center;\">\n<div style=\"background-color: #f4f4f4; border-radius: 4px; flex-grow: 0; height: 14px; margin-bottom: 6px; width: 100px;\"><\/div>\n<div style=\"background-color: #f4f4f4; border-radius: 4px; flex-grow: 0; height: 14px; width: 60px;\"><\/div>\n<\/div>\n<\/div>\n<div style=\"padding: 19% 0;\"><\/div>\n<div style=\"display: block; height: 50px; margin: 0 auto 12px; width: 50px;\"><\/div>\n<div style=\"padding-top: 8px;\">\n<div style=\"color: #3897f0; font-family: Arial,sans-serif; font-size: 14px; font-style: normal; font-weight: 550; line-height: 18px;\">Ver esta publicaci\u00f3n en Instagram<\/div>\n<\/div>\n<div style=\"padding: 12.5% 0;\"><\/div>\n<div style=\"display: flex; flex-direction: row; margin-bottom: 14px; align-items: center;\">\n<div>\n<div style=\"background-color: #f4f4f4; border-radius: 50%; height: 12.5px; width: 12.5px; transform: translateX(0px) translateY(7px);\"><\/div>\n<div style=\"background-color: #f4f4f4; height: 12.5px; transform: rotate(-45deg) translateX(3px) translateY(1px); width: 12.5px; flex-grow: 0; margin-right: 14px; margin-left: 2px;\"><\/div>\n<div style=\"background-color: #f4f4f4; border-radius: 50%; height: 12.5px; width: 12.5px; transform: translateX(9px) translateY(-18px);\"><\/div>\n<\/div>\n<div style=\"margin-left: 8px;\">\n<div style=\"background-color: #f4f4f4; border-radius: 50%; flex-grow: 0; height: 20px; width: 20px;\"><\/div>\n<div style=\"width: 0; height: 0; border-top: 2px solid transparent; border-left: 6px solid #f4f4f4; border-bottom: 2px solid transparent; transform: translateX(16px) translateY(-4px) rotate(30deg);\"><\/div>\n<\/div>\n<div style=\"margin-left: auto;\">\n<div style=\"width: 0px; border-top: 8px solid #F4F4F4; border-right: 8px solid transparent; transform: translateY(16px);\"><\/div>\n<div style=\"background-color: #f4f4f4; flex-grow: 0; height: 12px; width: 16px; transform: translateY(-4px);\"><\/div>\n<div style=\"width: 0; height: 0; border-top: 8px solid #F4F4F4; border-left: 8px solid transparent; transform: translateY(-4px) translateX(8px);\"><\/div>\n<\/div>\n<\/div>\n<div style=\"display: flex; flex-direction: column; flex-grow: 1; justify-content: center; margin-bottom: 24px;\">\n<div style=\"background-color: #f4f4f4; border-radius: 4px; flex-grow: 0; height: 14px; margin-bottom: 6px; width: 224px;\"><\/div>\n<div style=\"background-color: #f4f4f4; border-radius: 4px; flex-grow: 0; height: 14px; width: 144px;\"><\/div>\n<\/div>\n<p>&nbsp;<\/p>\n<p style=\"color: #c9c8cd; font-family: Arial,sans-serif; font-size: 14px; line-height: 17px; margin-bottom: 0; margin-top: 8px; overflow: hidden; padding: 8px 0 7px; text-align: center; text-overflow: ellipsis; white-space: nowrap;\"><a style=\"color: #c9c8cd; font-family: Arial,sans-serif; font-size: 14px; font-style: normal; font-weight: normal; line-height: 17px; text-decoration: none;\" href=\"https:\/\/www.instagram.com\/p\/Cz47ec4MRQ_\/?utm_source=ig_embed&amp;utm_campaign=loading\" target=\"_blank\" rel=\"noopener\">Una publicaci\u00f3n compartida por @barrenderosvm<\/a><\/p>\n<\/div>\n<\/blockquote>\n<p><script async src=\"\/\/www.instagram.com\/embed.js\"><\/script><\/p>\n<p><span style=\"font-weight: 400;\">Sobre los recursos que fueron necesarios explic\u00f3 que \u201chemos sacado de nuestros bolsillos, juntamos nosotros la plata, fuimos al mercado a comprar los alimentos y luego hablamos con el encargado del merendero para realizarla\u201d.<\/span><\/p>\n<p><span style=\"font-weight: 400;\">Luego de la primera iniciativa se realiz\u00f3 una segunda olla popular en el barrio San Nicol\u00e1s el lunes pasado, en la cual se entregaron 140 porciones. En este caso los trabajadores barrenderos repartieron platos de comida casa por casa de las familias del barrio.<\/span><\/p>\n<p><img loading=\"lazy\" decoding=\"async\" class=\"aligncenter size-full wp-image-9722\" src=\"https:\/\/tribunavm.com.ar\/wp-content\/uploads\/2023\/11\/INTERIOR-BARRENDEROS-1.jpeg\" alt=\"\" width=\"768\" height=\"1024\" srcset=\"https:\/\/tribunavm.com.ar\/wp-content\/uploads\/2023\/11\/INTERIOR-BARRENDEROS-1.jpeg 768w, https:\/\/tribunavm.com.ar\/wp-content\/uploads\/2023\/11\/INTERIOR-BARRENDEROS-1-225x300.jpeg 225w, https:\/\/tribunavm.com.ar\/wp-content\/uploads\/2023\/11\/INTERIOR-BARRENDEROS-1-750x1000.jpeg 750w\" sizes=\"(max-width: 768px) 100vw, 768px\" \/><\/p>\n<p><span style=\"color: #ff9900;\"><b>Ver: <\/b><a style=\"color: #ff9900;\" href=\"https:\/\/tribunavm.com.ar\/index.php\/2023\/10\/10\/barrenderos-se-movilizaron-nuevamente-por-la-reincorporacion\/\"><b>Barrenderos se movilizaron nuevamente por la reincorporaci\u00f3n<\/b><\/a><\/span><\/p>\n<p><span style=\"font-weight: 400;\">\u201cCuando fuimos a entregar comida al barrio San Nicol\u00e1s la cuesti\u00f3n fu\u00e9 diferente ya que se nos complicaba un poco poner el dinero del bolsillo nuestro, y pusimos el aporte que cada uno pod\u00eda, despu\u00e9s la gente se acerc\u00f3 y nos dio donaciones. Diferentes gremios, personas de la pol\u00edtica y de la poblaci\u00f3n interesada colaboraron\u201d, afirm\u00f3 el trabajador.<\/span><\/p>\n<p><span style=\"font-weight: 400;\">Los trabajadores barrenderos manifestaron el deseo de continuar con esta acci\u00f3n, por lo cual est\u00e1n pidiendo donaciones. \u201cM\u00e1s que todo mercader\u00eda y alimentos no perecederos, adem\u00e1s estamos juntando juguetes para repartir en las fiestas junto a la gente de COTRECO\u201d, finaliz\u00f3 Facundo.<\/span><\/p>\n<\/div>\n<\/div>\n","protected":false},"excerpt":{"rendered":"<p>Ante la situaci\u00f3n econ\u00f3mica, desde Barrenderos Villa Mar\u00eda organizaron dos olladas en Barrio La Calera y San Nicol\u00e1s.<\/p>\n","protected":false},"author":2,"featured_media":9719,"comment_status":"open","ping_status":"open","sticky":false,"template":"","format":"standard","meta":{"_exactmetrics_skip_tracking":false,"_exactmetrics_sitenote_active":false,"_exactmetrics_sitenote_note":"","_exactmetrics_sitenote_category":0,"jnews-multi-image_gallery":[],"jnews_single_post":{"source_name":"","source_url":"","via_name":"","via_url":"","override_template":"0","override":[{"template":"1","single_blog_custom":"","parallax":"1","fullscreen":"1","layout":"right-sidebar","sidebar":"default-sidebar","second_sidebar":"default-sidebar","sticky_sidebar":"1","share_position":"top","share_float_style":"share-monocrhome","show_share_counter":"1","show_view_counter":"1","show_featured":"1","show_post_meta":"1","show_post_author":"1","show_post_author_image":"1","show_post_date":"1","post_date_format":"default","post_date_format_custom":"Y\/m\/d","show_post_category":"1","show_post_reading_time":"0","post_reading_time_wpm":"300","show_zoom_button":"0","zoom_button_out_step":"2","zoom_button_in_step":"3","show_post_tag":"1","show_prev_next_post":"1","show_popup_post":"1","number_popup_post":"1","show_author_box":"0","show_post_related":"0","show_inline_post_related":"0"}],"override_image_size":"0","image_override":[{"single_post_thumbnail_size":"crop-500","single_post_gallery_size":"crop-500"}],"trending_post":"0","trending_post_position":"meta","trending_post_label":"Trending","sponsored_post":"0","sponsored_post_label":"Sponsored by","sponsored_post_name":"","sponsored_post_url":"","sponsored_post_logo_enable":"0","sponsored_post_logo":"","sponsored_post_desc":""},"jnews_primary_category":{"id":"27"},"jnews_social_meta":{"fb_title":"","fb_description":"","fb_image":"","twitter_title":"","twitter_description":"","twitter_image":""},"jnews_override_counter":{"override_view_counter":"0","view_counter_number":"0","override_share_counter":"0","share_counter_number":"0","override_like_counter":"0","like_counter_number":"0","override_dislike_counter":"0","dislike_counter_number":"0"},"_joinchat":[],"footnotes":""},"categories":[27],"tags":[109,318,35],"class_list":["post-9717","post","type-post","status-publish","format-standard","has-post-thumbnail","hentry","category-local","tag-condiciones-de-vida","tag-edicion-123","tag-trabajadores"],"_links":{"self":[{"href":"https:\/\/tribunavm.com.ar\/index.php\/wp-json\/wp\/v2\/posts\/9717"}],"collection":[{"href":"https:\/\/tribunavm.com.ar\/index.php\/wp-json\/wp\/v2\/posts"}],"about":[{"href":"https:\/\/tribunavm.com.ar\/index.php\/wp-json\/wp\/v2\/types\/post"}],"author":[{"embeddable":true,"href":"https:\/\/tribunavm.com.ar\/index.php\/wp-json\/wp\/v2\/users\/2"}],"replies":[{"embeddable":true,"href":"https:\/\/tribunavm.com.ar\/index.php\/wp-json\/wp\/v2\/comments?post=9717"}],"version-history":[{"count":5,"href":"https:\/\/tribunavm.com.ar\/index.php\/wp-json\/wp\/v2\/posts\/9717\/revisions"}],"predecessor-version":[{"id":9784,"href":"https:\/\/tribunavm.com.ar\/index.php\/wp-json\/wp\/v2\/posts\/9717\/revisions\/9784"}],"wp:featuredmedia":[{"embeddable":true,"href":"https:\/\/tribunavm.com.ar\/index.php\/wp-json\/wp\/v2\/media\/9719"}],"wp:attachment":[{"href":"https:\/\/tribunavm.com.ar\/index.php\/wp-json\/wp\/v2\/media?parent=9717"}],"wp:term":[{"taxonomy":"category","embeddable":true,"href":"https:\/\/tribunavm.com.ar\/index.php\/wp-json\/wp\/v2\/categories?post=9717"},{"taxonomy":"post_tag","embeddable":true,"href":"https:\/\/tribunavm.com.ar\/index.php\/wp-json\/wp\/v2\/tags?post=9717"}],"curies":[{"name":"wp","href":"https:\/\/api.w.org\/{rel}","templated":true}]}}