{"id":9887,"date":"2024-02-05T03:30:05","date_gmt":"2024-02-05T03:30:05","guid":{"rendered":"https:\/\/tribunavm.com.ar\/?p=9887"},"modified":"2024-02-04T03:43:37","modified_gmt":"2024-02-04T03:43:37","slug":"exigen-urgente-convocatoria-al-consejo-del-salario","status":"publish","type":"post","link":"https:\/\/tribunavm.com.ar\/index.php\/2024\/02\/05\/exigen-urgente-convocatoria-al-consejo-del-salario\/","title":{"rendered":"Exigen urgente convocatoria al Consejo del Salario"},"content":{"rendered":"<div class=\"row clearfix\">\n<div class=\"col-md-8\">\n<div class=\"intro-text\">\n<p><span style=\"font-weight: 400;\">La CTA Aut\u00f3noma envi\u00f3 una carta al Ministerio de Capital Humano para que se actualice el Salario M\u00ednimo Vital y M\u00f3vil (SMVM) ante la p\u00e9rdida del poder adquisitivo.<\/span><\/p>\n<\/div>\n<p><span style=\"font-weight: 400;\"><span class=\"dropcap \" style=\"background-color: #ffffff; color: #dd9933; border-color: #ffffff;\">L<\/span>a Central de Trabajadores de la Argentina (CTA) Aut\u00f3noma<\/span><a href=\"https:\/\/ctaa.org.ar\/por-carta-documento-la-cta-le-exige-al-gobierno-que-convoque-al-consejo-del-salario\/\"><span style=\"font-weight: 400;\"> present\u00f3 una carta de documento<\/span><\/a><span style=\"font-weight: 400;\"> dirigida a Omar Yas\u00edn, secretario de Trabajo del Ministerio de Capital Humano, donde intimaron \u201ca la convocatoria urgente y en forma inmediata a la reuni\u00f3n del<\/span><a href=\"https:\/\/www.argentina.gob.ar\/trabajo\/consejodelsalario\"><span style=\"font-weight: 400;\"> Consejo del Salario<\/span><\/a><span style=\"font-weight: 400;\">\u201d con el objetivo \u201cde establecer el nuevo salario m\u00ednimo, vital y m\u00f3vil\u201d.<\/span><\/p>\n<p><span style=\"font-weight: 400;\">A su vez, mencionan que la \u00faltima reuni\u00f3n fij\u00f3 los valores hasta diciembre del a\u00f1o pasado donde \u201cel proceso inflacionario sufrido en los \u00faltimos meses ha superado con creces las peores previsiones (&#8230;) encontr\u00e1ndonos en una coyuntura much\u00edsimo m\u00e1s gravosa de p\u00e9rdida de poder adquisitivo del salario\u201d.<\/span><\/p>\n<figure id=\"attachment_9889\" aria-describedby=\"caption-attachment-9889\" style=\"width: 700px\" class=\"wp-caption aligncenter\"><img loading=\"lazy\" decoding=\"async\" class=\"wp-image-9889 size-full\" src=\"https:\/\/tribunavm.com.ar\/wp-content\/uploads\/2024\/02\/INTERIOR-CONSEJO-DEL-SALARIO.png\" alt=\"La \u00faltima reuni\u00f3n del Consejo del Salario se realiz\u00f3 en el mes de septiembre del a\u00f1o pasado de forma virtual para acordar los aumentos hasta el mes de diciembre.\" width=\"700\" height=\"462\" srcset=\"https:\/\/tribunavm.com.ar\/wp-content\/uploads\/2024\/02\/INTERIOR-CONSEJO-DEL-SALARIO.png 700w, https:\/\/tribunavm.com.ar\/wp-content\/uploads\/2024\/02\/INTERIOR-CONSEJO-DEL-SALARIO-300x198.png 300w\" sizes=\"(max-width: 700px) 100vw, 700px\" \/><figcaption id=\"caption-attachment-9889\" class=\"wp-caption-text\">La \u00faltima reuni\u00f3n del Consejo del Salario se realiz\u00f3 en el mes de septiembre del a\u00f1o pasado de forma virtual para acordar los aumentos hasta el mes de diciembre.<\/figcaption><\/figure>\n<p><span style=\"color: #ff9900;\"><b>Salarios a la baja<\/b><\/span><\/p>\n<p><span style=\"font-weight: 400;\">El INDEC public\u00f3 el <\/span><a href=\"https:\/\/www.indec.gob.ar\/uploads\/informesdeprensa\/salarios_01_244AA3CCF329.pdf\"><span style=\"font-weight: 400;\">\u00cdndice de Salarios<\/span><\/a><span style=\"font-weight: 400;\"> de noviembre del a\u00f1o pasado donde mencionaron que los salarios tuvieron un aumento interanual del 144,3%. Para el caso de los informales ese n\u00famero desciende al 101,1%.\u00a0<\/span><\/p>\n<p><span style=\"font-weight: 400;\">Seg\u00fan el mismo organismo, la <\/span><a href=\"https:\/\/www.indec.gob.ar\/uploads\/informesdeprensa\/canasta_12_2324B5F6064E.pdf\"><span style=\"font-weight: 400;\">Canasta B\u00e1sica Alimentaria (CBA)<\/span><\/a><span style=\"font-weight: 400;\"> en el mismo periodo tuvo un aumento de 189,1%. Esto quiere decir que el poder adquisitivo de los trabajadores del pa\u00eds perdi\u00f3 27,7% en tan solo un a\u00f1o. Mientras que la p\u00e9rdida de los informales fue de 46,6%.<\/span><\/p>\n<p><span style=\"font-weight: 400;\">El SMVM se encuentra al d\u00eda de hoy en $156.000, lo que significa unos 188 d\u00f3lares estadounidenses. Eso lo ubica como el segundo salario m\u00e1s bajo de Latinoam\u00e9rica.<\/span><\/p>\n<\/div>\n<\/div>\n","protected":false},"excerpt":{"rendered":"<p>La CTA Aut\u00f3noma envi\u00f3 una carta al Ministerio de Capital Humano para que se actualice el Salario M\u00ednimo Vital y M\u00f3vil (SMVM) ante la p\u00e9rdida del poder adquisitivo.<\/p>\n","protected":false},"author":2,"featured_media":9895,"comment_status":"open","ping_status":"open","sticky":false,"template":"","format":"standard","meta":{"_exactmetrics_skip_tracking":false,"_exactmetrics_sitenote_active":false,"_exactmetrics_sitenote_note":"","_exactmetrics_sitenote_category":0,"jnews-multi-image_gallery":[],"jnews_single_post":{"source_name":"","source_url":"","via_name":"","via_url":"","override_template":"0","override":[{"template":"1","single_blog_custom":"","parallax":"1","fullscreen":"1","layout":"right-sidebar","sidebar":"default-sidebar","second_sidebar":"default-sidebar","sticky_sidebar":"1","share_position":"top","share_float_style":"share-monocrhome","show_share_counter":"1","show_view_counter":"1","show_featured":"1","show_post_meta":"1","show_post_author":"1","show_post_author_image":"1","show_post_date":"1","post_date_format":"default","post_date_format_custom":"Y\/m\/d","show_post_category":"1","show_post_reading_time":"0","post_reading_time_wpm":"300","show_zoom_button":"0","zoom_button_out_step":"2","zoom_button_in_step":"3","show_post_tag":"1","show_prev_next_post":"1","show_popup_post":"1","number_popup_post":"1","show_author_box":"0","show_post_related":"0","show_inline_post_related":"0"}],"override_image_size":"0","image_override":[{"single_post_thumbnail_size":"crop-500","single_post_gallery_size":"crop-500"}],"trending_post":"0","trending_post_position":"meta","trending_post_label":"Trending","sponsored_post":"0","sponsored_post_label":"Sponsored by","sponsored_post_name":"","sponsored_post_url":"","sponsored_post_logo_enable":"0","sponsored_post_logo":"","sponsored_post_desc":""},"jnews_primary_category":{"id":""},"jnews_social_meta":{"fb_title":"","fb_description":"","fb_image":"","twitter_title":"","twitter_description":"","twitter_image":""},"jnews_override_counter":{"override_view_counter":"0","view_counter_number":"0","override_share_counter":"0","share_counter_number":"0","override_like_counter":"0","like_counter_number":"0","override_dislike_counter":"0","dislike_counter_number":"0"},"_joinchat":[],"footnotes":""},"categories":[22],"tags":[225,320],"class_list":["post-9887","post","type-post","status-publish","format-standard","has-post-thumbnail","hentry","category-actualidad","tag-ctaa","tag-edicion-124"],"_links":{"self":[{"href":"https:\/\/tribunavm.com.ar\/index.php\/wp-json\/wp\/v2\/posts\/9887"}],"collection":[{"href":"https:\/\/tribunavm.com.ar\/index.php\/wp-json\/wp\/v2\/posts"}],"about":[{"href":"https:\/\/tribunavm.com.ar\/index.php\/wp-json\/wp\/v2\/types\/post"}],"author":[{"embeddable":true,"href":"https:\/\/tribunavm.com.ar\/index.php\/wp-json\/wp\/v2\/users\/2"}],"replies":[{"embeddable":true,"href":"https:\/\/tribunavm.com.ar\/index.php\/wp-json\/wp\/v2\/comments?post=9887"}],"version-history":[{"count":1,"href":"https:\/\/tribunavm.com.ar\/index.php\/wp-json\/wp\/v2\/posts\/9887\/revisions"}],"predecessor-version":[{"id":9891,"href":"https:\/\/tribunavm.com.ar\/index.php\/wp-json\/wp\/v2\/posts\/9887\/revisions\/9891"}],"wp:featuredmedia":[{"embeddable":true,"href":"https:\/\/tribunavm.com.ar\/index.php\/wp-json\/wp\/v2\/media\/9895"}],"wp:attachment":[{"href":"https:\/\/tribunavm.com.ar\/index.php\/wp-json\/wp\/v2\/media?parent=9887"}],"wp:term":[{"taxonomy":"category","embeddable":true,"href":"https:\/\/tribunavm.com.ar\/index.php\/wp-json\/wp\/v2\/categories?post=9887"},{"taxonomy":"post_tag","embeddable":true,"href":"https:\/\/tribunavm.com.ar\/index.php\/wp-json\/wp\/v2\/tags?post=9887"}],"curies":[{"name":"wp","href":"https:\/\/api.w.org\/{rel}","templated":true}]}}