{"id":9901,"date":"2024-02-05T03:50:05","date_gmt":"2024-02-05T03:50:05","guid":{"rendered":"https:\/\/tribunavm.com.ar\/?p=9901"},"modified":"2024-02-04T03:56:51","modified_gmt":"2024-02-04T03:56:51","slug":"empresarios-entre-apoyos-y-reservas","status":"publish","type":"post","link":"https:\/\/tribunavm.com.ar\/index.php\/2024\/02\/05\/empresarios-entre-apoyos-y-reservas\/","title":{"rendered":"Empresarios, entre apoyos y reservas"},"content":{"rendered":"<div class=\"row clearfix\">\n<div class=\"col-md-8\">\n<div class=\"intro-text\">\n<p><span style=\"font-weight: 400;\">Las centrales empresarias expresaron su apoyo a las primeras medidas del Gobierno, aunque varios sectores sostienen reclamos sobre los alcances particulares del decreto.<\/span><\/p>\n<\/div>\n<p><span style=\"font-weight: 400;\"><span class=\"dropcap \" style=\"background-color: #ffffff; color: #dd9933; border-color: #ffffff;\">T<\/span>ras el anuncio del paquete de medidas del DNU 70\/2023 del Gobierno, la Asociaci\u00f3n Empresaria Argentina (AEA), entidad que re\u00fane a referentes de las principales empresas del pa\u00eds, en ocasi\u00f3n de su asamblea anual, public\u00f3 un <\/span><a href=\"https:\/\/www.aeanet.net\/prensa\/Una_oportunidad_hist%C3%B3rica_21_Diciembre_2023.pdf\"><span style=\"font-weight: 400;\">comunicado<\/span><\/a><span style=\"font-weight: 400;\"> en el que asegur\u00f3 que las primeras medidas generan \u201cla esperanza de que nuestro pa\u00eds pueda revertir un largo per\u00edodo caracterizado por el estancamiento econ\u00f3mico, alt\u00edsimas tasas de inflaci\u00f3n y un muy significativo aumento de la pobreza\u201d.<\/span><\/p>\n<p><span style=\"font-weight: 400;\">Por su parte, la Uni\u00f3n Industrial Argentina (UIA) celebr\u00f3 que las medidas, en particular las vinculadas a la legislaci\u00f3n laboral, \u201csientan las bases para que cuando se materialice una recuperaci\u00f3n econ\u00f3mica, las nuevas contrataciones sean m\u00e1s simples y sostenibles\u201d.<\/span><\/p>\n<p><span style=\"font-weight: 400;\">A su vez, la C\u00e1mara de Comercio de Estados Unidos en Argentina (AmCham) explicit\u00f3 su apoyo a \u201clos cambios laborales, la desregulaci\u00f3n del comercio exterior, el fomento a la competencia de las entidades financieras, la pol\u00edtica de cielos abiertos y la revalorizaci\u00f3n del sector privado&#8221;.<\/span><\/p>\n<figure id=\"attachment_9902\" aria-describedby=\"caption-attachment-9902\" style=\"width: 1500px\" class=\"wp-caption aligncenter\"><img loading=\"lazy\" decoding=\"async\" class=\"wp-image-9902 size-full\" src=\"https:\/\/tribunavm.com.ar\/wp-content\/uploads\/2024\/02\/1-1.jpg\" alt=\"\" width=\"1500\" height=\"870\" srcset=\"https:\/\/tribunavm.com.ar\/wp-content\/uploads\/2024\/02\/1-1.jpg 1500w, https:\/\/tribunavm.com.ar\/wp-content\/uploads\/2024\/02\/1-1-300x174.jpg 300w, https:\/\/tribunavm.com.ar\/wp-content\/uploads\/2024\/02\/1-1-1024x594.jpg 1024w, https:\/\/tribunavm.com.ar\/wp-content\/uploads\/2024\/02\/1-1-768x445.jpg 768w, https:\/\/tribunavm.com.ar\/wp-content\/uploads\/2024\/02\/1-1-750x435.jpg 750w, https:\/\/tribunavm.com.ar\/wp-content\/uploads\/2024\/02\/1-1-1140x661.jpg 1140w\" sizes=\"(max-width: 1500px) 100vw, 1500px\" \/><figcaption id=\"caption-attachment-9902\" class=\"wp-caption-text\">Daniel Funes de Rioja, presidente de UIA.<\/figcaption><\/figure>\n<p><span style=\"font-weight: 400;\">Sin embargo, el sostenimiento del cobro de los derechos de exportaci\u00f3n, su aumento en productos como la harina y el aceite de soja del 31 al 33% y su aplicaci\u00f3n del 15% en productos que no estaban alcanzados, puso a las entidades agrarias en alerta. \u201cEstamos en contra del aumento de retenciones, ya que hace m\u00e1s de 20 a\u00f1os venimos aportando a la mejora de Argentina que no llega nunca\u201d, reclam\u00f3 la Federaci\u00f3n Agraria Argentina (FAA).<\/span><\/p>\n<p><span style=\"font-weight: 400;\">En esa l\u00ednea, el Consejo Agroindustrial Argentino (CAA), donde confluyen m\u00e1s de 60 entidades, envi\u00f3 una serie de cartas al Gobierno para alertar sobre el impacto negativo del aumento de las retenciones sobre el empleo, producci\u00f3n, exportaci\u00f3n, as\u00ed como tambi\u00e9n en la generaci\u00f3n de divisas y recaudaci\u00f3n fiscal producto de una ca\u00edda de la actividad en los sectores afectados.<\/span><\/p>\n<p><span style=\"font-weight: 400;\">Por otro lado, ante el anuncio del Gobierno de \u201cparalizar\u201d la obra p\u00fablica, el Consejo Federal de la C\u00e1mara Argentina de la Construcci\u00f3n (Camarco) declar\u00f3 el jueves pasado el \u201cestado de emergencia\u201d en todo el pa\u00eds y reclamaron a las autoridades nacionales y provinciales una soluci\u00f3n en \u201cbrev\u00edsimo\u201d plazo a los problemas planteados. \u201cSe trata de la \u00fanica alternativa para impedir la destrucci\u00f3n del entramado productivo del sector y m\u00e1s de 200.000 despidos\u201d, comunic\u00f3 la Camarco.<\/span><\/p>\n<p><span style=\"font-weight: 400;\">El 25 de enero, una comitiva econ\u00f3mica del Gobierno encabezada por el ministro de Econom\u00eda, Luis Caputo se reuni\u00f3 con representantes de las c\u00e1maras empresariales en la Casa Rosada. All\u00ed se dieron cita Pablo Fiuza; de la Federaci\u00f3n Agraria Argentina (FAA), Daniel Funes de Rioja, de UIA; Mario Grinman, de la C\u00e1mara Argentina de Comercio y Servicios (CAC); Alfredo Gonzalez, de CAME y Carlos Achetoni, de Confederaciones Rurales Argentinas (CRA), entre otros.<\/span><\/p>\n<p><span style=\"font-weight: 400;\">\u201cLos funcionarios aceptaron que no son medidas simp\u00e1ticas, pero entienden que es el \u00fanico camino. Filos\u00f3ficamente no nos cuesta nada entender porque estamos en esa l\u00ednea. Hace mucho planteamos que se necesitan reformas estructurales muy dolorosas. Hay que transitar el desierto\u201d, dijo tras el encuentro Mario Grinman, presidente de la CAC.<\/span><\/p>\n<\/div>\n<\/div>\n","protected":false},"excerpt":{"rendered":"<p>Las centrales empresarias expresaron su apoyo a las primeras medidas del Gobierno, aunque varios sectores sostienen reclamos sobre los alcances particulares del decreto.<\/p>\n","protected":false},"author":2,"featured_media":9903,"comment_status":"open","ping_status":"open","sticky":false,"template":"","format":"standard","meta":{"_exactmetrics_skip_tracking":false,"_exactmetrics_sitenote_active":false,"_exactmetrics_sitenote_note":"","_exactmetrics_sitenote_category":0,"jnews-multi-image_gallery":[],"jnews_single_post":{"source_name":"","source_url":"","via_name":"","via_url":"","override_template":"0","override":[{"template":"1","single_blog_custom":"","parallax":"1","fullscreen":"1","layout":"right-sidebar","sidebar":"default-sidebar","second_sidebar":"default-sidebar","sticky_sidebar":"1","share_position":"top","share_float_style":"share-monocrhome","show_share_counter":"1","show_view_counter":"1","show_featured":"1","show_post_meta":"1","show_post_author":"1","show_post_author_image":"1","show_post_date":"1","post_date_format":"default","post_date_format_custom":"Y\/m\/d","show_post_category":"1","show_post_reading_time":"0","post_reading_time_wpm":"300","show_zoom_button":"0","zoom_button_out_step":"2","zoom_button_in_step":"3","show_post_tag":"1","show_prev_next_post":"1","show_popup_post":"1","number_popup_post":"1","show_author_box":"0","show_post_related":"0","show_inline_post_related":"0"}],"override_image_size":"0","image_override":[{"single_post_thumbnail_size":"crop-500","single_post_gallery_size":"crop-500"}],"trending_post":"0","trending_post_position":"meta","trending_post_label":"Trending","sponsored_post":"0","sponsored_post_label":"Sponsored by","sponsored_post_name":"","sponsored_post_url":"","sponsored_post_logo_enable":"0","sponsored_post_logo":"","sponsored_post_desc":""},"jnews_primary_category":{"id":""},"jnews_social_meta":{"fb_title":"","fb_description":"","fb_image":"","twitter_title":"","twitter_description":"","twitter_image":""},"jnews_override_counter":{"override_view_counter":"0","view_counter_number":"0","override_share_counter":"0","share_counter_number":"0","override_like_counter":"0","like_counter_number":"0","override_dislike_counter":"0","dislike_counter_number":"0"},"_joinchat":[],"footnotes":""},"categories":[278],"tags":[41,331,332,320,42,333],"class_list":["post-9901","post","type-post","status-publish","format-standard","has-post-thumbnail","hentry","category-economia","tag-agro","tag-asociacion-empresaria-argentina-aea","tag-camara-de-comercio-de-estados-unidos-en-argentina-amcham","tag-edicion-124","tag-industria","tag-union-industrial-argentina-uia"],"_links":{"self":[{"href":"https:\/\/tribunavm.com.ar\/index.php\/wp-json\/wp\/v2\/posts\/9901"}],"collection":[{"href":"https:\/\/tribunavm.com.ar\/index.php\/wp-json\/wp\/v2\/posts"}],"about":[{"href":"https:\/\/tribunavm.com.ar\/index.php\/wp-json\/wp\/v2\/types\/post"}],"author":[{"embeddable":true,"href":"https:\/\/tribunavm.com.ar\/index.php\/wp-json\/wp\/v2\/users\/2"}],"replies":[{"embeddable":true,"href":"https:\/\/tribunavm.com.ar\/index.php\/wp-json\/wp\/v2\/comments?post=9901"}],"version-history":[{"count":1,"href":"https:\/\/tribunavm.com.ar\/index.php\/wp-json\/wp\/v2\/posts\/9901\/revisions"}],"predecessor-version":[{"id":9904,"href":"https:\/\/tribunavm.com.ar\/index.php\/wp-json\/wp\/v2\/posts\/9901\/revisions\/9904"}],"wp:featuredmedia":[{"embeddable":true,"href":"https:\/\/tribunavm.com.ar\/index.php\/wp-json\/wp\/v2\/media\/9903"}],"wp:attachment":[{"href":"https:\/\/tribunavm.com.ar\/index.php\/wp-json\/wp\/v2\/media?parent=9901"}],"wp:term":[{"taxonomy":"category","embeddable":true,"href":"https:\/\/tribunavm.com.ar\/index.php\/wp-json\/wp\/v2\/categories?post=9901"},{"taxonomy":"post_tag","embeddable":true,"href":"https:\/\/tribunavm.com.ar\/index.php\/wp-json\/wp\/v2\/tags?post=9901"}],"curies":[{"name":"wp","href":"https:\/\/api.w.org\/{rel}","templated":true}]}}