{"id":9938,"date":"2024-02-19T06:00:38","date_gmt":"2024-02-19T06:00:38","guid":{"rendered":"https:\/\/tribunavm.com.ar\/?p=9938"},"modified":"2024-02-19T14:40:01","modified_gmt":"2024-02-19T14:40:01","slug":"reclamo-del-conicet-ante-recorte-presupuestario","status":"publish","type":"post","link":"https:\/\/tribunavm.com.ar\/index.php\/2024\/02\/19\/reclamo-del-conicet-ante-recorte-presupuestario\/","title":{"rendered":"Reclamo del Conicet ante recorte presupuestario"},"content":{"rendered":"<div class=\"row clearfix\">\n<div class=\"col-md-8\">\n<p><span style=\"color: #212121; font-size: 1.5em; letter-spacing: -0.01em;\">Cient\u00edficos ocuparon el edificio mientras sesionaba el Directorio para exigir las incorporaciones de nuevos becarios.<\/span><\/p>\n<p><span class=\"dropcap \" style=\"background-color: #ffffff; color: #dd9933; border-color: #ffffff;\">E<\/span>l pasado mi\u00e9rcoles, cient\u00edficos de Conicet se congregaron en las inmediaciones del Polo Cient\u00edfico Tecnol\u00f3gico (CABA) con un pliego de reclamos ante el directorio de la instituci\u00f3n.<\/p>\n<p>La medida fue convocada por la agrupaci\u00f3n de ATE en Conicet y de las asambleas de becarios a nivel nacional en el marco de la reuni\u00f3n del directorio de la entidad que deb\u00eda concretar la publicaci\u00f3n de los nuevos ingresos a becas doctorales para el periodo 2024-2029.<\/p>\n<div class=\"jeg_video_container jeg_video_content\"><iframe loading=\"lazy\" title=\"Becas Conicet. Jornada de protesta 14 de febrero de 2024\" width=\"500\" height=\"281\" src=\"https:\/\/www.youtube.com\/embed\/ZdmA4dUmnHY?feature=oembed\" frameborder=\"0\" allow=\"accelerometer; autoplay; clipboard-write; encrypted-media; gyroscope; picture-in-picture; web-share\" referrerpolicy=\"strict-origin-when-cross-origin\" allowfullscreen><\/iframe><\/div>\n<p>Adem\u00e1s del pedido por la publicaci\u00f3n de nuevos becarios, las demandas incluyeron la reincorporaci\u00f3n de 49 trabajadores administrativos despedidos y las pr\u00f3rrogas de becas posdoctorales.<\/p>\n<p>Tras la ocupaci\u00f3n del edificio, el directorio difundi\u00f3 un comunicado, luego de levantar la sesi\u00f3n y pasar a cuarto intermedio, a trav\u00e9s del cual aclar\u00f3 que CONICET est\u00e1 funcionando con el presupuesto del 2023 por lo que complejiza la situaci\u00f3n.<\/p>\n<p><b>Ver: <\/b><span style=\"color: #ff9900;\"><a style=\"color: #ff9900;\" href=\"https:\/\/tribunavm.com.ar\/index.php\/2024\/02\/05\/en-conicet-no-sobra-nadie\/\">\u201cEn CONICET no sobra nadie\u201d<\/a><\/span><\/p>\n<p>Las definiciones del directorio incluyen publicar los resultados de las evaluaciones de las Convocatorias de Becas Internas Doctorales, y de Finalizaci\u00f3n de Doctorado 2023 antes de la pr\u00f3xima reuni\u00f3n de Directorio del 28\/2\/2024 para efectivizar reci\u00e9n en agosto.<\/p>\n<p>En principio, la convocatoria a becas doctorales hab\u00eda sido para asignar unas 1300 becas doctorales, pero s\u00f3lo est\u00e1n garantizados 600 cupos. Por otro lado, informaron que atender\u00e1n en su totalidad las 300 becas de Finalizaci\u00f3n de Doctorado.<\/p>\n<p><b>Ver:<\/b> <span style=\"color: #ff9900;\"><a style=\"color: #ff9900;\" href=\"https:\/\/tribunavm.com.ar\/index.php\/2023\/12\/07\/becarios-de-conicet-en-alerta\/\">Becarios de Conicet se declaran en estado de alerta<\/a><\/span><\/p>\n<\/div>\n<div class=\"col-md-3\">\n<p>&nbsp;<\/p>\n<\/div>\n<\/div>\n","protected":false},"excerpt":{"rendered":"<p>Cient\u00edficos ocuparon el edificio mientras sesionaba el Directorio para exigir las incorporaciones de nuevos becarios.<\/p>\n","protected":false},"author":2,"featured_media":9939,"comment_status":"open","ping_status":"open","sticky":false,"template":"","format":"standard","meta":{"_exactmetrics_skip_tracking":false,"_exactmetrics_sitenote_active":false,"_exactmetrics_sitenote_note":"","_exactmetrics_sitenote_category":0,"jnews-multi-image_gallery":[],"jnews_single_post":{"source_name":"","source_url":"","via_name":"","via_url":"","override_template":"0","override":[{"template":"1","single_blog_custom":"","parallax":"1","fullscreen":"1","layout":"right-sidebar","sidebar":"default-sidebar","second_sidebar":"default-sidebar","sticky_sidebar":"1","share_position":"top","share_float_style":"share-monocrhome","show_share_counter":"1","show_view_counter":"1","show_featured":"1","show_post_meta":"1","show_post_author":"1","show_post_author_image":"1","show_post_date":"1","post_date_format":"default","post_date_format_custom":"Y\/m\/d","show_post_category":"1","show_post_reading_time":"0","post_reading_time_wpm":"300","show_zoom_button":"0","zoom_button_out_step":"2","zoom_button_in_step":"3","show_post_tag":"1","show_prev_next_post":"1","show_popup_post":"1","number_popup_post":"1","show_author_box":"0","show_post_related":"0","show_inline_post_related":"0"}],"override_image_size":"0","image_override":[{"single_post_thumbnail_size":"crop-500","single_post_gallery_size":"crop-500"}],"trending_post":"0","trending_post_position":"meta","trending_post_label":"Trending","sponsored_post":"0","sponsored_post_label":"Sponsored by","sponsored_post_name":"","sponsored_post_url":"","sponsored_post_logo_enable":"0","sponsored_post_logo":"","sponsored_post_desc":""},"jnews_primary_category":{"id":""},"jnews_social_meta":{"fb_title":"","fb_description":"","fb_image":"","twitter_title":"","twitter_description":"","twitter_image":""},"jnews_override_counter":{"override_view_counter":"0","view_counter_number":"0","override_share_counter":"0","share_counter_number":"0","override_like_counter":"0","like_counter_number":"0","override_dislike_counter":"0","dislike_counter_number":"0"},"_joinchat":[],"footnotes":""},"categories":[22],"tags":[324,327,192],"class_list":["post-9938","post","type-post","status-publish","format-standard","has-post-thumbnail","hentry","category-actualidad","tag-ate","tag-conicet","tag-movimiento"],"_links":{"self":[{"href":"https:\/\/tribunavm.com.ar\/index.php\/wp-json\/wp\/v2\/posts\/9938"}],"collection":[{"href":"https:\/\/tribunavm.com.ar\/index.php\/wp-json\/wp\/v2\/posts"}],"about":[{"href":"https:\/\/tribunavm.com.ar\/index.php\/wp-json\/wp\/v2\/types\/post"}],"author":[{"embeddable":true,"href":"https:\/\/tribunavm.com.ar\/index.php\/wp-json\/wp\/v2\/users\/2"}],"replies":[{"embeddable":true,"href":"https:\/\/tribunavm.com.ar\/index.php\/wp-json\/wp\/v2\/comments?post=9938"}],"version-history":[{"count":14,"href":"https:\/\/tribunavm.com.ar\/index.php\/wp-json\/wp\/v2\/posts\/9938\/revisions"}],"predecessor-version":[{"id":10131,"href":"https:\/\/tribunavm.com.ar\/index.php\/wp-json\/wp\/v2\/posts\/9938\/revisions\/10131"}],"wp:featuredmedia":[{"embeddable":true,"href":"https:\/\/tribunavm.com.ar\/index.php\/wp-json\/wp\/v2\/media\/9939"}],"wp:attachment":[{"href":"https:\/\/tribunavm.com.ar\/index.php\/wp-json\/wp\/v2\/media?parent=9938"}],"wp:term":[{"taxonomy":"category","embeddable":true,"href":"https:\/\/tribunavm.com.ar\/index.php\/wp-json\/wp\/v2\/categories?post=9938"},{"taxonomy":"post_tag","embeddable":true,"href":"https:\/\/tribunavm.com.ar\/index.php\/wp-json\/wp\/v2\/tags?post=9938"}],"curies":[{"name":"wp","href":"https:\/\/api.w.org\/{rel}","templated":true}]}}